{"id":116559,"date":"2020-02-24T13:48:44","date_gmt":"2020-02-24T12:48:44","guid":{"rendered":"http:\/\/polishscience.pl\/?p=116559"},"modified":"2020-02-24T13:48:44","modified_gmt":"2020-02-24T12:48:44","slug":"les-universites-de-lublin-au-salon-international-de-leducation-a-minsk","status":"publish","type":"post","link":"https:\/\/www.polishscience.pl\/fr\/les-universites-de-lublin-au-salon-international-de-leducation-a-minsk\/","title":{"rendered":"Les universit\u00e9s de Lublin au Salon international de l&rsquo;\u00e9ducation \u00e0 Minsk"},"content":{"rendered":"<p><strong>Du 13 au 16 f\u00e9vrier, un autre salon international de l&rsquo;\u00e9ducation \u00ab\u00a0Education et carri\u00e8re\u00a0\u00bb et \u00ab\u00a0Conf\u00e9rence Demain 2020\u00a0\u00bb ont eu lieu \u00e0 Minsk, la capitale du Belarus. Au cours de la foire, les universit\u00e9s de Lublin ont pr\u00e9sent\u00e9 leur offre sur le stand commun du programme de soutien de la ville aux \u00e9tudiants \u00e9trangers \u00ab\u00a0Study in Lublin\u00a0\u00bb.<\/strong><\/p>\n<p>Pr\u00e8s de 8 000 jeunes du Belarus \u00e9tudient en Pologne. C&rsquo;est le deuxi\u00e8me groupe d&rsquo;\u00e9trangers apr\u00e8s les Ukrainiens &#8211; a d\u00e9clar\u00e9 lors de l&rsquo;\u00e9v\u00e9nement Waldemar Siwi\u0144ski, pr\u00e9sident de la Fondation Perspektywy.<\/p>\n<p>Au cours des trois derni\u00e8res ann\u00e9es, le nombre d&rsquo;\u00e9tudiants bi\u00e9lorusses en Pologne a doubl\u00e9. En 2019, il y avait 7,4 mille \u00e9tudiants de ce pays, cette ann\u00e9e ils sont un peu plus nombreux. Cependant, il est beaucoup moins nombreux que les \u00e9tudiants ukrainiens, qui \u00e9taient pr\u00e8s de 40 000 en 2019. Au total, environ 80 000 \u00e9trangers \u00e9tudient en Pologne.<\/p>\n<p>Pendant les trois jours de la foire, qui s&rsquo;adressait aux jeunes int\u00e9ress\u00e9s par des \u00e9tudes en Pologne, l&rsquo;offre \u00e9ducative des universit\u00e9s de Lublin a \u00e9t\u00e9 pr\u00e9sent\u00e9e, pr\u00e9par\u00e9e en russe et en anglais.<\/p>\n","protected":false},"excerpt":{"rendered":"<p>Du 13 au 16 f\u00e9vrier, un autre salon international de l&rsquo;\u00e9ducation \u00ab\u00a0Education et carri\u00e8re\u00a0\u00bb et \u00ab\u00a0Conf\u00e9rence Demain 2020\u00a0\u00bb ont eu lieu \u00e0 Minsk, la capitale du Belarus. Au cours de la foire, les universit\u00e9s de Lublin ont pr\u00e9sent\u00e9 leur offre sur le stand commun du programme de soutien de la ville aux \u00e9tudiants \u00e9trangers \u00ab\u00a0Study [&hellip;]<\/p>\n","protected":false},"author":11,"featured_media":0,"comment_status":"closed","ping_status":"closed","sticky":false,"template":"","format":"standard","meta":[],"categories":[35],"tags":[],"_links":{"self":[{"href":"https:\/\/www.polishscience.pl\/fr\/wp-json\/wp\/v2\/posts\/116559"}],"collection":[{"href":"https:\/\/www.polishscience.pl\/fr\/wp-json\/wp\/v2\/posts"}],"about":[{"href":"https:\/\/www.polishscience.pl\/fr\/wp-json\/wp\/v2\/types\/post"}],"author":[{"embeddable":true,"href":"https:\/\/www.polishscience.pl\/fr\/wp-json\/wp\/v2\/users\/11"}],"replies":[{"embeddable":true,"href":"https:\/\/www.polishscience.pl\/fr\/wp-json\/wp\/v2\/comments?post=116559"}],"version-history":[{"count":0,"href":"https:\/\/www.polishscience.pl\/fr\/wp-json\/wp\/v2\/posts\/116559\/revisions"}],"wp:attachment":[{"href":"https:\/\/www.polishscience.pl\/fr\/wp-json\/wp\/v2\/media?parent=116559"}],"wp:term":[{"taxonomy":"category","embeddable":true,"href":"https:\/\/www.polishscience.pl\/fr\/wp-json\/wp\/v2\/categories?post=116559"},{"taxonomy":"post_tag","embeddable":true,"href":"https:\/\/www.polishscience.pl\/fr\/wp-json\/wp\/v2\/tags?post=116559"}],"curies":[{"name":"wp","href":"https:\/\/api.w.org\/{rel}","templated":true}]}}