{"id":116321,"date":"2020-02-21T14:58:08","date_gmt":"2020-02-21T13:58:08","guid":{"rendered":"http:\/\/polishscience.pl\/?p=116321"},"modified":"2020-02-21T14:58:08","modified_gmt":"2020-02-21T13:58:08","slug":"la-conference-intitulee-lunivers-de-comenius-de-la-pansosophie-a-la-mondialisation-a-leszno","status":"publish","type":"post","link":"https:\/\/www.polishscience.pl\/fr\/la-conference-intitulee-lunivers-de-comenius-de-la-pansosophie-a-la-mondialisation-a-leszno\/","title":{"rendered":"La conf\u00e9rence intitul\u00e9e \u201cL&rsquo;univers de Comenius &#8211; de la pansosophie \u00e0 la mondialisation\u201d \u00e0 Leszno"},"content":{"rendered":"<p><strong>L&rsquo;Ecole Sup\u00e9rieure Professionnelle Jan Amos Kome\u0144ski de Leszno invite \u00e0 participer \u00e0 la conf\u00e9rence \u00ab\u00a0L\u2019univers de Comenius &#8211; de la Panfanie \u00e0 la mondialisation\u00a0\u00bb. La conf\u00e9rence sera c\u00e9l\u00e9br\u00e9e par une c\u00e9r\u00e9monie de la Journ\u00e9e du m\u00e9c\u00e9nat universitaire \u2013 le 14 mai.<\/strong><\/p>\n<p>Les organisateurs proposent les domaines de discours suivants : La dimension europ\u00e9enne de la vie et de l&rsquo;\u0153uvre de Jan Amos Kome\u0144ski, la philosophie, la soci\u00e9t\u00e9 et la famille de Jan Amos Kome\u0144ski dans les concepts de Jan Amos Kome\u0144ski, l\u2019universalisme de la pens\u00e9e p\u00e9dagogique de Jan Amos Kome\u0144ski et la r\u00e9ception des vues de Jan Amos Kome\u0144ski au fil des si\u00e8cles.<\/p>\n<p>Leszno a \u00e9t\u00e9 l&rsquo;une des \u00e9tapes du parcours de Kome\u0144ski. C&rsquo;est dans cette ville que Kome\u0144ski a d\u00e9crit ses id\u00e9es p\u00e9dagogiques contenues dans la Didactica magna, a d\u00e9velopp\u00e9 le concept de pansophia et s&rsquo;est consacr\u00e9 au travail \u00e9ducatif, en introduisant des solutions innovantes. Le s\u00e9jour \u00e0 Leszno du d\u00e9j\u00e0 mature Comenius a probablement \u00e9t\u00e9 la p\u00e9riode la plus cr\u00e9ative de son activit\u00e9 &#8211; lit-on sur le site de l&rsquo;universit\u00e9.<\/p>\n","protected":false},"excerpt":{"rendered":"<p>L&rsquo;Ecole Sup\u00e9rieure Professionnelle Jan Amos Kome\u0144ski de Leszno invite \u00e0 participer \u00e0 la conf\u00e9rence \u00ab\u00a0L\u2019univers de Comenius &#8211; de la Panfanie \u00e0 la mondialisation\u00a0\u00bb. La conf\u00e9rence sera c\u00e9l\u00e9br\u00e9e par une c\u00e9r\u00e9monie de la Journ\u00e9e du m\u00e9c\u00e9nat universitaire \u2013 le 14 mai. Les organisateurs proposent les domaines de discours suivants : La dimension europ\u00e9enne de la [&hellip;]<\/p>\n","protected":false},"author":11,"featured_media":0,"comment_status":"closed","ping_status":"closed","sticky":false,"template":"","format":"standard","meta":[],"categories":[41],"tags":[],"_links":{"self":[{"href":"https:\/\/www.polishscience.pl\/fr\/wp-json\/wp\/v2\/posts\/116321"}],"collection":[{"href":"https:\/\/www.polishscience.pl\/fr\/wp-json\/wp\/v2\/posts"}],"about":[{"href":"https:\/\/www.polishscience.pl\/fr\/wp-json\/wp\/v2\/types\/post"}],"author":[{"embeddable":true,"href":"https:\/\/www.polishscience.pl\/fr\/wp-json\/wp\/v2\/users\/11"}],"replies":[{"embeddable":true,"href":"https:\/\/www.polishscience.pl\/fr\/wp-json\/wp\/v2\/comments?post=116321"}],"version-history":[{"count":0,"href":"https:\/\/www.polishscience.pl\/fr\/wp-json\/wp\/v2\/posts\/116321\/revisions"}],"wp:attachment":[{"href":"https:\/\/www.polishscience.pl\/fr\/wp-json\/wp\/v2\/media?parent=116321"}],"wp:term":[{"taxonomy":"category","embeddable":true,"href":"https:\/\/www.polishscience.pl\/fr\/wp-json\/wp\/v2\/categories?post=116321"},{"taxonomy":"post_tag","embeddable":true,"href":"https:\/\/www.polishscience.pl\/fr\/wp-json\/wp\/v2\/tags?post=116321"}],"curies":[{"name":"wp","href":"https:\/\/api.w.org\/{rel}","templated":true}]}}