{"id":116116,"date":"2020-02-20T12:59:11","date_gmt":"2020-02-20T11:59:11","guid":{"rendered":"http:\/\/polishscience.pl\/?p=116116"},"modified":"2020-02-20T12:59:11","modified_gmt":"2020-02-20T11:59:11","slug":"le-congres-extraordinaire-des-physiciens-polonais-pour-le-100e-anniversaire-de-lassociation-polonaise-de-physique-en-avril","status":"publish","type":"post","link":"https:\/\/www.polishscience.pl\/fr\/le-congres-extraordinaire-des-physiciens-polonais-pour-le-100e-anniversaire-de-lassociation-polonaise-de-physique-en-avril\/","title":{"rendered":"Le Congr\u00e8s extraordinaire des physiciens polonais pour le 100e anniversaire de l\u2019Association Polonaise de Physique en avril"},"content":{"rendered":"<p><strong>Du 24 au 26 avril 2020, Varsovie accueillera le Congr\u00e8s extraordinaire des physiciens polonais pour c\u00e9l\u00e9brer le 100e anniversaire de l\u2019Association Polonaise de Physique (PTF). Le Congr\u00e8s s&rsquo;est tenu sous le haut patronage du vice-premier ministre, ministre des sciences et de l&rsquo;enseignement sup\u00e9rieur Jaros\u0142aw Gowin.<\/strong><\/p>\n<p>L&rsquo;objectif du congr\u00e8s est de montrer les r\u00e9alisations de la physique polonaise et son importance pour le d\u00e9veloppement de la Pologne au cours des 100 ans de la PTF.<\/p>\n<p>Le Congr\u00e8s durera trois jours. La premi\u00e8re, qui sera consacr\u00e9e \u00e0 la vision historique du si\u00e8cle dernier de la physique en Pologne, aura lieu dans le b\u00e2timent historique de physique de la Polytechnique de Varsovie &#8211; le lieu o\u00f9 l\u2019Association Polonaise de Physique a \u00e9t\u00e9 fond\u00e9e.<\/p>\n<p>La deuxi\u00e8me journ\u00e9e du Congr\u00e8s sera consacr\u00e9e \u00e0 l&rsquo;\u00e9poque contemporaine. Les physiciens d\u00e9m\u00e9nageront dans le b\u00e2timent moderne de la Facult\u00e9 de physique de l&rsquo;Universit\u00e9 de Varsovie. Les auteurs des r\u00e9alisations les plus spectaculaires de la physique en Pologne, et en m\u00eame temps les vulgarisateurs scientifiques les plus remarquables, y parleront de mani\u00e8re accessible de leurs recherches et de celles de leurs coll\u00e8gues.<\/p>\n<p>Le troisi\u00e8me jour de la convention sera un jour f\u00e9ri\u00e9 pour les enseignants. D&rsquo;\u00e9minents didacticiens polonais discuteront de l&rsquo;histoire de l&rsquo;enseignement de la physique.<\/p>\n","protected":false},"excerpt":{"rendered":"<p>Du 24 au 26 avril 2020, Varsovie accueillera le Congr\u00e8s extraordinaire des physiciens polonais pour c\u00e9l\u00e9brer le 100e anniversaire de l\u2019Association Polonaise de Physique (PTF). Le Congr\u00e8s s&rsquo;est tenu sous le haut patronage du vice-premier ministre, ministre des sciences et de l&rsquo;enseignement sup\u00e9rieur Jaros\u0142aw Gowin. L&rsquo;objectif du congr\u00e8s est de montrer les r\u00e9alisations de la [&hellip;]<\/p>\n","protected":false},"author":11,"featured_media":0,"comment_status":"closed","ping_status":"closed","sticky":false,"template":"","format":"standard","meta":[],"categories":[41],"tags":[],"_links":{"self":[{"href":"https:\/\/www.polishscience.pl\/fr\/wp-json\/wp\/v2\/posts\/116116"}],"collection":[{"href":"https:\/\/www.polishscience.pl\/fr\/wp-json\/wp\/v2\/posts"}],"about":[{"href":"https:\/\/www.polishscience.pl\/fr\/wp-json\/wp\/v2\/types\/post"}],"author":[{"embeddable":true,"href":"https:\/\/www.polishscience.pl\/fr\/wp-json\/wp\/v2\/users\/11"}],"replies":[{"embeddable":true,"href":"https:\/\/www.polishscience.pl\/fr\/wp-json\/wp\/v2\/comments?post=116116"}],"version-history":[{"count":0,"href":"https:\/\/www.polishscience.pl\/fr\/wp-json\/wp\/v2\/posts\/116116\/revisions"}],"wp:attachment":[{"href":"https:\/\/www.polishscience.pl\/fr\/wp-json\/wp\/v2\/media?parent=116116"}],"wp:term":[{"taxonomy":"category","embeddable":true,"href":"https:\/\/www.polishscience.pl\/fr\/wp-json\/wp\/v2\/categories?post=116116"},{"taxonomy":"post_tag","embeddable":true,"href":"https:\/\/www.polishscience.pl\/fr\/wp-json\/wp\/v2\/tags?post=116116"}],"curies":[{"name":"wp","href":"https:\/\/api.w.org\/{rel}","templated":true}]}}