{"id":116114,"date":"2020-02-20T12:59:07","date_gmt":"2020-02-20T11:59:07","guid":{"rendered":"http:\/\/polishscience.pl\/?p=116114"},"modified":"2020-02-20T12:59:07","modified_gmt":"2020-02-20T11:59:07","slug":"la-xie-journee-de-lhistorien-a-luniversite-maria-curie-sklodowska-de-lublin","status":"publish","type":"post","link":"https:\/\/www.polishscience.pl\/fr\/la-xie-journee-de-lhistorien-a-luniversite-maria-curie-sklodowska-de-lublin\/","title":{"rendered":"La XIe Journ\u00e9e de l&rsquo;Historien \u00e0 l&rsquo;Universit\u00e9 Maria Curie-Sk\u0142odowska de Lublin"},"content":{"rendered":"<p><strong>La 11e Journ\u00e9e de l&rsquo;Historien organis\u00e9e par l&rsquo;Institut d&rsquo;histoire de l&rsquo;Universit\u00e9 Maria Curie-Sk\u0142odowska (UMCS) \u00e0 Lublin) aura lieu le vendredi 21 f\u00e9vrier de 10h00 \u00e0 13h30 \u00e0 la Facult\u00e9 des sciences humaines de l&rsquo;Universit\u00e9 Maria Curie-Sk\u0142odowska (UMCS). Le th\u00e8me de l&rsquo;\u00e9v\u00e9nement de cette ann\u00e9e est \u00ab\u00a0Les Slaves, nous aimons les idylles &#8211; le temps libre des Polonais\u00a0\u00bb.<\/strong><\/p>\n<p>14 \u00e9coles secondaires de toute la r\u00e9gion ont annonc\u00e9 leur participation \u00e0 la 11e Journ\u00e9e de l&rsquo;Historien. Les participants auront la possibilit\u00e9 de prendre part \u00e0 huit ateliers et six discours en pl\u00e9ni\u00e8re sur des sujets historiques.<\/p>\n<p>Les personnes int\u00e9ress\u00e9es auront \u00e9galement la possibilit\u00e9 d&rsquo;\u00e9couter des conf\u00e9rences consacr\u00e9es aux questions de temps libre dans l&rsquo;ancienne Pologne, qui se d\u00e9rouleront dans la grande salle de la facult\u00e9 des sciences humaines.<\/p>\n<p>Au cours de l&rsquo;\u00e9v\u00e9nement, les questions suivantes seront abord\u00e9es : l&rsquo;histoire dans les jeux informatiques, une chanson de sc\u00e8ne de la R\u00e9publique populaire de Pologne comme source historique, une caricature de la p\u00e9riode stalinienne comme outil de propagande ou la vie quotidienne \u00e0 Lublin pendant la Seconde Guerre mondiale.<\/p>\n","protected":false},"excerpt":{"rendered":"<p>La 11e Journ\u00e9e de l&rsquo;Historien organis\u00e9e par l&rsquo;Institut d&rsquo;histoire de l&rsquo;Universit\u00e9 Maria Curie-Sk\u0142odowska (UMCS) \u00e0 Lublin) aura lieu le vendredi 21 f\u00e9vrier de 10h00 \u00e0 13h30 \u00e0 la Facult\u00e9 des sciences humaines de l&rsquo;Universit\u00e9 Maria Curie-Sk\u0142odowska (UMCS). Le th\u00e8me de l&rsquo;\u00e9v\u00e9nement de cette ann\u00e9e est \u00ab\u00a0Les Slaves, nous aimons les idylles &#8211; le temps libre [&hellip;]<\/p>\n","protected":false},"author":11,"featured_media":0,"comment_status":"closed","ping_status":"closed","sticky":false,"template":"","format":"standard","meta":[],"categories":[41,37],"tags":[],"_links":{"self":[{"href":"https:\/\/www.polishscience.pl\/fr\/wp-json\/wp\/v2\/posts\/116114"}],"collection":[{"href":"https:\/\/www.polishscience.pl\/fr\/wp-json\/wp\/v2\/posts"}],"about":[{"href":"https:\/\/www.polishscience.pl\/fr\/wp-json\/wp\/v2\/types\/post"}],"author":[{"embeddable":true,"href":"https:\/\/www.polishscience.pl\/fr\/wp-json\/wp\/v2\/users\/11"}],"replies":[{"embeddable":true,"href":"https:\/\/www.polishscience.pl\/fr\/wp-json\/wp\/v2\/comments?post=116114"}],"version-history":[{"count":0,"href":"https:\/\/www.polishscience.pl\/fr\/wp-json\/wp\/v2\/posts\/116114\/revisions"}],"wp:attachment":[{"href":"https:\/\/www.polishscience.pl\/fr\/wp-json\/wp\/v2\/media?parent=116114"}],"wp:term":[{"taxonomy":"category","embeddable":true,"href":"https:\/\/www.polishscience.pl\/fr\/wp-json\/wp\/v2\/categories?post=116114"},{"taxonomy":"post_tag","embeddable":true,"href":"https:\/\/www.polishscience.pl\/fr\/wp-json\/wp\/v2\/tags?post=116114"}],"curies":[{"name":"wp","href":"https:\/\/api.w.org\/{rel}","templated":true}]}}