{"id":115914,"date":"2020-02-19T15:59:01","date_gmt":"2020-02-19T14:59:01","guid":{"rendered":"http:\/\/polishscience.pl\/?p=115914"},"modified":"2020-02-19T15:59:01","modified_gmt":"2020-02-19T14:59:01","slug":"le-seminaire-intitule-le-systeme-bipolaire-et-la-guerre-froide-a-lacademie-des-finances-et-des-affaires-vistule","status":"publish","type":"post","link":"https:\/\/www.polishscience.pl\/fr\/le-seminaire-intitule-le-systeme-bipolaire-et-la-guerre-froide-a-lacademie-des-finances-et-des-affaires-vistule\/","title":{"rendered":"Le s\u00e9minaire intitul\u00e9 \u00ab\u00a0Le syst\u00e8me bipolaire et la guerre froide\u00a0\u00bb \u00e0 l&rsquo;Acad\u00e9mie des finances et des affaires Vistule"},"content":{"rendered":"<p><strong>L&rsquo;Institut des relations internationales et l&rsquo;Institut des sciences politiques de l&rsquo;Acad\u00e9mie des finances et des affaires (AFiB) de Vistule invitent au s\u00e9minaire scientifique intitule \u00ab\u00a0Le syst\u00e8me bipolaire et la guerre froide\u00a0\u00bb. La gen\u00e8se, le contexte, le m\u00e9canisme, la fin\u00a0\u00bb, qui aura lieu le 25 f\u00e9vrier 2020.<\/strong><\/p>\n<p>Le syst\u00e8me bipolaire a commenc\u00e9 \u00e0 se cr\u00e9er au XVIIIe si\u00e8cle sous l&rsquo;influence de l&rsquo;acc\u00e9l\u00e9ration d\u00e9mographique qui s&rsquo;est amorc\u00e9e \u00e0 cette \u00e9poque. Il a finalement \u00e9t\u00e9 cr\u00e9\u00e9e apr\u00e8s la Seconde Guerre mondiale et a rapidement pris le caract\u00e8re de la guerre froide am\u00e9ricano-sovi\u00e9tique. Le m\u00e9canisme de ce conflit s&rsquo;est form\u00e9 par hasard, en dehors de la volont\u00e9 des parties et s&rsquo;est av\u00e9r\u00e9 b\u00e9n\u00e9fique pour les \u00c9tats-Unis. Au d\u00e9but des ann\u00e9es 1970, le troisi\u00e8me p\u00f4le &#8211; le p\u00f4le chinois &#8211; a commenc\u00e9 \u00e0 se former. La politique mondiale a commenc\u00e9 \u00e0 se transformer de bilat\u00e9rale \u00e0 trilat\u00e9rale, ce qui a finalement conduit \u00e0 la catastrophe de l&rsquo;URSS, lit-on dans AFiB Vistula.<\/p>\n<p>Au cours du s\u00e9minaire, une conf\u00e9rence sera donn\u00e9e par le docteur d\u2019Etat Leszek Moczulski, historien, politologue et publiciste. Il a \u00e9t\u00e9 un ancien militant de l&rsquo;opposition, co-fondateur du Mouvement de d\u00e9fense des droits de l&rsquo;homme et du citoyen et fondateur et dirigeant de longue date de la Conf\u00e9d\u00e9ration de la Pologne ind\u00e9pendante.<\/p>\n","protected":false},"excerpt":{"rendered":"<p>L&rsquo;Institut des relations internationales et l&rsquo;Institut des sciences politiques de l&rsquo;Acad\u00e9mie des finances et des affaires (AFiB) de Vistule invitent au s\u00e9minaire scientifique intitule \u00ab\u00a0Le syst\u00e8me bipolaire et la guerre froide\u00a0\u00bb. La gen\u00e8se, le contexte, le m\u00e9canisme, la fin\u00a0\u00bb, qui aura lieu le 25 f\u00e9vrier 2020. Le syst\u00e8me bipolaire a commenc\u00e9 \u00e0 se cr\u00e9er au [&hellip;]<\/p>\n","protected":false},"author":11,"featured_media":0,"comment_status":"closed","ping_status":"closed","sticky":false,"template":"","format":"standard","meta":[],"categories":[41],"tags":[],"_links":{"self":[{"href":"https:\/\/www.polishscience.pl\/fr\/wp-json\/wp\/v2\/posts\/115914"}],"collection":[{"href":"https:\/\/www.polishscience.pl\/fr\/wp-json\/wp\/v2\/posts"}],"about":[{"href":"https:\/\/www.polishscience.pl\/fr\/wp-json\/wp\/v2\/types\/post"}],"author":[{"embeddable":true,"href":"https:\/\/www.polishscience.pl\/fr\/wp-json\/wp\/v2\/users\/11"}],"replies":[{"embeddable":true,"href":"https:\/\/www.polishscience.pl\/fr\/wp-json\/wp\/v2\/comments?post=115914"}],"version-history":[{"count":0,"href":"https:\/\/www.polishscience.pl\/fr\/wp-json\/wp\/v2\/posts\/115914\/revisions"}],"wp:attachment":[{"href":"https:\/\/www.polishscience.pl\/fr\/wp-json\/wp\/v2\/media?parent=115914"}],"wp:term":[{"taxonomy":"category","embeddable":true,"href":"https:\/\/www.polishscience.pl\/fr\/wp-json\/wp\/v2\/categories?post=115914"},{"taxonomy":"post_tag","embeddable":true,"href":"https:\/\/www.polishscience.pl\/fr\/wp-json\/wp\/v2\/tags?post=115914"}],"curies":[{"name":"wp","href":"https:\/\/api.w.org\/{rel}","templated":true}]}}