{"id":115474,"date":"2020-02-17T16:28:20","date_gmt":"2020-02-17T15:28:20","guid":{"rendered":"http:\/\/polishscience.pl\/?p=115474"},"modified":"2020-02-17T16:28:20","modified_gmt":"2020-02-17T15:28:20","slug":"le-recrutement-a-lacademie-des-terres-de-louest-et-du-nord-est-en-cours","status":"publish","type":"post","link":"https:\/\/www.polishscience.pl\/fr\/le-recrutement-a-lacademie-des-terres-de-louest-et-du-nord-est-en-cours\/","title":{"rendered":"Le recrutement \u00e0 l&rsquo;Acad\u00e9mie des Terres de l&rsquo;Ouest et du Nord est en cours"},"content":{"rendered":"<p><strong>Le R\u00e9seau des terres de l&rsquo;Ouest et du Nord annonce un appel \u00e0 candidatures pour la premi\u00e8re \u00e9dition de l&rsquo;Acad\u00e9mie des terres de l&rsquo;Ouest et du Nord, qui se tiendra sous la devise : Les Terres de l&rsquo;Ouest et du Nord \u2013 une r\u00e9gion ou des r\u00e9gions ? Les candidatures peuvent \u00eatre envoy\u00e9es jusqu&rsquo;au 28 f\u00e9vrier &#8211; \u00e0 lire sur le site de l&rsquo;Universit\u00e9 de Wroclaw.<\/strong><\/p>\n<p>L&rsquo;objectif de l&rsquo;Acad\u00e9mie est de d\u00e9velopper la cognition dans un esprit interdisciplinaire et d&rsquo;approfondir les connaissances des chercheurs des centres de recherche polonais qui pr\u00e9parent des m\u00e9moires de ma\u00eetrise, des th\u00e8ses de doctorat ou d&rsquo;autres \u00e9tudes sur les Terres de l&rsquo;Ouest et du Nord en construisant un espace pour des discussions en s\u00e9minaire sur leurs recherches, leur permettant de comparer les r\u00e9sultats et de d\u00e9velopper des comp\u00e9tences en atelier li\u00e9es aux questions de m\u00e9thodologie et de sources.<\/p>\n<p>L&rsquo;Acad\u00e9mie invite les chercheurs polonais qui m\u00e8nent actuellement des recherches dans le domaine des sciences humaines sur le pass\u00e9 et le pr\u00e9sent des r\u00e9gions qui ont \u00e9t\u00e9 incorpor\u00e9es \u00e0 l&rsquo;\u00c9tat polonais \u00e0 la suite de la Seconde Guerre mondiale.<\/p>\n<p>Pour en savoir plus : <a href=\"https:\/\/uni.wroc.pl\/trwa-nabor-do-akademii-ziem-zachodnich-i-polnocnych\/\">https:\/\/uni.wroc.pl\/trwa-nabor-do-akademii-ziem-zachodnich-i-polnocnych\/<\/a><\/p>\n","protected":false},"excerpt":{"rendered":"<p>Le R\u00e9seau des terres de l&rsquo;Ouest et du Nord annonce un appel \u00e0 candidatures pour la premi\u00e8re \u00e9dition de l&rsquo;Acad\u00e9mie des terres de l&rsquo;Ouest et du Nord, qui se tiendra sous la devise : Les Terres de l&rsquo;Ouest et du Nord \u2013 une r\u00e9gion ou des r\u00e9gions ? Les candidatures peuvent \u00eatre envoy\u00e9es jusqu&rsquo;au 28 [&hellip;]<\/p>\n","protected":false},"author":11,"featured_media":0,"comment_status":"closed","ping_status":"closed","sticky":false,"template":"","format":"standard","meta":[],"categories":[35,37],"tags":[],"_links":{"self":[{"href":"https:\/\/www.polishscience.pl\/fr\/wp-json\/wp\/v2\/posts\/115474"}],"collection":[{"href":"https:\/\/www.polishscience.pl\/fr\/wp-json\/wp\/v2\/posts"}],"about":[{"href":"https:\/\/www.polishscience.pl\/fr\/wp-json\/wp\/v2\/types\/post"}],"author":[{"embeddable":true,"href":"https:\/\/www.polishscience.pl\/fr\/wp-json\/wp\/v2\/users\/11"}],"replies":[{"embeddable":true,"href":"https:\/\/www.polishscience.pl\/fr\/wp-json\/wp\/v2\/comments?post=115474"}],"version-history":[{"count":0,"href":"https:\/\/www.polishscience.pl\/fr\/wp-json\/wp\/v2\/posts\/115474\/revisions"}],"wp:attachment":[{"href":"https:\/\/www.polishscience.pl\/fr\/wp-json\/wp\/v2\/media?parent=115474"}],"wp:term":[{"taxonomy":"category","embeddable":true,"href":"https:\/\/www.polishscience.pl\/fr\/wp-json\/wp\/v2\/categories?post=115474"},{"taxonomy":"post_tag","embeddable":true,"href":"https:\/\/www.polishscience.pl\/fr\/wp-json\/wp\/v2\/tags?post=115474"}],"curies":[{"name":"wp","href":"https:\/\/api.w.org\/{rel}","templated":true}]}}