{"id":115470,"date":"2020-02-17T12:24:34","date_gmt":"2020-02-17T11:24:34","guid":{"rendered":"http:\/\/polishscience.pl\/?p=115470"},"modified":"2020-02-17T15:24:44","modified_gmt":"2020-02-17T14:24:44","slug":"la-conference-sur-le-terrorisme-les-menaces-la-prevention-les-perspectives-a-lublin","status":"publish","type":"post","link":"https:\/\/www.polishscience.pl\/fr\/la-conference-sur-le-terrorisme-les-menaces-la-prevention-les-perspectives-a-lublin\/","title":{"rendered":"La conf\u00e9rence sur \u00ab\u00a0Le terrorisme \u2013 les menaces, la pr\u00e9vention, les perspectives\u00a0\u00bb \u00e0 Lublin"},"content":{"rendered":"<p><strong>La Fondation pour la promotion de la science et du d\u00e9veloppement TYGIEL organise la IVe Conf\u00e9rence scientifique nationale intitul\u00e9e \u00ab\u00a0Le terrorisme \u2013 les menaces, la pr\u00e9vention, les perspectives\u00a0\u00bb qui se tiendra \u00e0 Lublin le 21 f\u00e9vrier 2020.<\/strong><\/p>\n<p>L&rsquo;objectif de cet \u00e9v\u00e9nement est d&rsquo;\u00e9changer des connaissances, des exp\u00e9riences et, surtout, de mener un d\u00e9bat scientifique approfondi sur le probl\u00e8me du terrorisme \u00e0 de nombreux niveaux. Selon les organisateurs, \u00ab\u00a0la r\u00e9flexion portera non seulement sur les formes contemporaines du terrorisme, mais aussi sur ses aspects historiques et ses perspectives d&rsquo;avenir\u00a0\u00bb. La Fondation TYGIEL souligne que durant la conf\u00e9rence, outre les r\u00e9flexions th\u00e9oriques sur le ph\u00e9nom\u00e8ne du terrorisme lui-m\u00eame, les participants pourront s&rsquo;informer sur les solutions pr\u00e9ventives pratiques et celles visant \u00e0 niveler les effets des attentats.<\/p>\n<p>Le ph\u00e9nom\u00e8ne du terrorisme couvre la plupart des domaines scientifiques. Il est associ\u00e9 \u00e0 son impact omnipr\u00e9sent qui touche tous les citoyens, ainsi qu&rsquo;\u00e0 l&rsquo;utilisation d&rsquo;outils psychologiques, politiques, sociologiques, biologiques, chimiques et informatiques.<\/p>\n","protected":false},"excerpt":{"rendered":"<p>La Fondation pour la promotion de la science et du d\u00e9veloppement TYGIEL organise la IVe Conf\u00e9rence scientifique nationale intitul\u00e9e \u00ab\u00a0Le terrorisme \u2013 les menaces, la pr\u00e9vention, les perspectives\u00a0\u00bb qui se tiendra \u00e0 Lublin le 21 f\u00e9vrier 2020. L&rsquo;objectif de cet \u00e9v\u00e9nement est d&rsquo;\u00e9changer des connaissances, des exp\u00e9riences et, surtout, de mener un d\u00e9bat scientifique approfondi [&hellip;]<\/p>\n","protected":false},"author":11,"featured_media":0,"comment_status":"closed","ping_status":"closed","sticky":false,"template":"","format":"standard","meta":[],"categories":[41],"tags":[],"_links":{"self":[{"href":"https:\/\/www.polishscience.pl\/fr\/wp-json\/wp\/v2\/posts\/115470"}],"collection":[{"href":"https:\/\/www.polishscience.pl\/fr\/wp-json\/wp\/v2\/posts"}],"about":[{"href":"https:\/\/www.polishscience.pl\/fr\/wp-json\/wp\/v2\/types\/post"}],"author":[{"embeddable":true,"href":"https:\/\/www.polishscience.pl\/fr\/wp-json\/wp\/v2\/users\/11"}],"replies":[{"embeddable":true,"href":"https:\/\/www.polishscience.pl\/fr\/wp-json\/wp\/v2\/comments?post=115470"}],"version-history":[{"count":0,"href":"https:\/\/www.polishscience.pl\/fr\/wp-json\/wp\/v2\/posts\/115470\/revisions"}],"wp:attachment":[{"href":"https:\/\/www.polishscience.pl\/fr\/wp-json\/wp\/v2\/media?parent=115470"}],"wp:term":[{"taxonomy":"category","embeddable":true,"href":"https:\/\/www.polishscience.pl\/fr\/wp-json\/wp\/v2\/categories?post=115470"},{"taxonomy":"post_tag","embeddable":true,"href":"https:\/\/www.polishscience.pl\/fr\/wp-json\/wp\/v2\/tags?post=115470"}],"curies":[{"name":"wp","href":"https:\/\/api.w.org\/{rel}","templated":true}]}}