{"id":115028,"date":"2020-02-13T16:06:02","date_gmt":"2020-02-13T15:06:02","guid":{"rendered":"http:\/\/polishscience.pl\/?p=115028"},"modified":"2020-02-13T16:06:02","modified_gmt":"2020-02-13T15:06:02","slug":"le-iiie-congres-des-etudes-europeennes-leurope-a-plusieurs-vitesses-en-septembre-a-wroclaw","status":"publish","type":"post","link":"https:\/\/www.polishscience.pl\/fr\/le-iiie-congres-des-etudes-europeennes-leurope-a-plusieurs-vitesses-en-septembre-a-wroclaw\/","title":{"rendered":"Le IIIe Congr\u00e8s des \u00e9tudes europ\u00e9ennes &#8211; L&rsquo;Europe \u00e0 plusieurs vitesses en septembre \u00e0 Wroc\u0142aw"},"content":{"rendered":"<p><strong>Le recrutement des communications pour le IIIe Congr\u00e8s d&rsquo;\u00e9tudes europ\u00e9ennes \u2013 L\u2019Europe \u00e0 plusieurs vitesses organis\u00e9 du 14 au 16 septembre par le d\u00e9partement d&rsquo;\u00e9tudes europ\u00e9ennes de l&rsquo;universit\u00e9 de Wroclaw a commenc\u00e9, informe l&rsquo;universit\u00e9.<\/strong><\/p>\n<p>L&rsquo;id\u00e9e de ce congr\u00e8s a \u00e9t\u00e9 lanc\u00e9e par le cercle des europ\u00e9istes polonais en 2014. C&rsquo;est \u00e0 cette \u00e9poque qu&rsquo;a \u00e9t\u00e9 organis\u00e9 le premier Congr\u00e8s national d&rsquo;\u00e9tudes europ\u00e9ennes &#8211; la Pologne dans le processus d&rsquo;int\u00e9gration europ\u00e9enne &#8211; une d\u00e9cennie d&rsquo;exp\u00e9rience. Trois ans plus tard, le deuxi\u00e8me Congr\u00e8s national d&rsquo;\u00e9tudes europ\u00e9ennes \u2013 L\u2019\u00c9tat dans l&rsquo;Union europ\u00e9enne a poursuivi les objectifs li\u00e9s au d\u00e9veloppement du d\u00e9bat scientifique et des \u00e9tudes sur les diff\u00e9rentes dimensions de l&rsquo;int\u00e9gration europ\u00e9enne.<\/p>\n<p>Les sujets propos\u00e9s pour le 3e Congr\u00e8s \u00e9taient les suivants: Le centre et les p\u00e9riph\u00e9ries de l&rsquo;Europe, l&rsquo;Europe \u00e0 plusieurs vitesses et le fonctionnement du march\u00e9 int\u00e9rieur de l&rsquo;Union europ\u00e9enne, l&rsquo;\u00e9volution du r\u00f4le et de l&rsquo;importance de l&rsquo;Union europ\u00e9enne, Les id\u00e9es d&rsquo;unit\u00e9 et de diversit\u00e9 de l&rsquo;Europe, L&rsquo;influence des migrations internes et externes en Europe, La m\u00e9moire historique et l&rsquo;identit\u00e9 dans l&rsquo;Europe contemporaine et la Pologne dans l&rsquo;UE \u00e0 plusieurs vitesses.<\/p>\n<p>Pour en savoir plus : <a href=\"https:\/\/uni.wroc.pl\/iii-kongres-europeistyki\/\">https:\/\/uni.wroc.pl\/iii-kongres-europeistyki\/<\/a><\/p>\n","protected":false},"excerpt":{"rendered":"<p>Le recrutement des communications pour le IIIe Congr\u00e8s d&rsquo;\u00e9tudes europ\u00e9ennes \u2013 L\u2019Europe \u00e0 plusieurs vitesses organis\u00e9 du 14 au 16 septembre par le d\u00e9partement d&rsquo;\u00e9tudes europ\u00e9ennes de l&rsquo;universit\u00e9 de Wroclaw a commenc\u00e9, informe l&rsquo;universit\u00e9. L&rsquo;id\u00e9e de ce congr\u00e8s a \u00e9t\u00e9 lanc\u00e9e par le cercle des europ\u00e9istes polonais en 2014. C&rsquo;est \u00e0 cette \u00e9poque qu&rsquo;a \u00e9t\u00e9 [&hellip;]<\/p>\n","protected":false},"author":11,"featured_media":0,"comment_status":"closed","ping_status":"closed","sticky":false,"template":"","format":"standard","meta":[],"categories":[41],"tags":[],"_links":{"self":[{"href":"https:\/\/www.polishscience.pl\/fr\/wp-json\/wp\/v2\/posts\/115028"}],"collection":[{"href":"https:\/\/www.polishscience.pl\/fr\/wp-json\/wp\/v2\/posts"}],"about":[{"href":"https:\/\/www.polishscience.pl\/fr\/wp-json\/wp\/v2\/types\/post"}],"author":[{"embeddable":true,"href":"https:\/\/www.polishscience.pl\/fr\/wp-json\/wp\/v2\/users\/11"}],"replies":[{"embeddable":true,"href":"https:\/\/www.polishscience.pl\/fr\/wp-json\/wp\/v2\/comments?post=115028"}],"version-history":[{"count":0,"href":"https:\/\/www.polishscience.pl\/fr\/wp-json\/wp\/v2\/posts\/115028\/revisions"}],"wp:attachment":[{"href":"https:\/\/www.polishscience.pl\/fr\/wp-json\/wp\/v2\/media?parent=115028"}],"wp:term":[{"taxonomy":"category","embeddable":true,"href":"https:\/\/www.polishscience.pl\/fr\/wp-json\/wp\/v2\/categories?post=115028"},{"taxonomy":"post_tag","embeddable":true,"href":"https:\/\/www.polishscience.pl\/fr\/wp-json\/wp\/v2\/tags?post=115028"}],"curies":[{"name":"wp","href":"https:\/\/api.w.org\/{rel}","templated":true}]}}