{"id":115026,"date":"2020-02-13T14:18:19","date_gmt":"2020-02-13T13:18:19","guid":{"rendered":"http:\/\/polishscience.pl\/?p=115026"},"modified":"2020-02-13T14:18:19","modified_gmt":"2020-02-13T13:18:19","slug":"la-conference-le-mouvement-des-sciences-sociales-dans-le-processus-de-changement-a-plock","status":"publish","type":"post","link":"https:\/\/www.polishscience.pl\/fr\/la-conference-le-mouvement-des-sciences-sociales-dans-le-processus-de-changement-a-plock\/","title":{"rendered":"La conf\u00e9rence \u00ab\u00a0Le mouvement des sciences sociales dans le processus de changement\u00a0\u00bb \u00e0 P\u0142ock"},"content":{"rendered":"<p><strong>\u00c0 l&rsquo;occasion du 200e anniversaire de l\u2019Association Scientifique de P\u0142ock (TNP), en coop\u00e9ration avec le Conseil des Associations Scientifiques de l&rsquo;Acad\u00e9mie polonaise des sciences (PAN), organise une conf\u00e9rence scientifique intitul\u00e9e \u00ab\u00a0Le mouvement des sciences sociales dans le processus de changement\u00a0\u00bb du 5 au 6 juin \u00e0 P\u0142ock.<\/strong><\/p>\n<p>Le 200e anniversaire de l\u2019Association Scientifique de P\u0142ock doit \u00eatre l&rsquo;occasion de r\u00e9fl\u00e9chir au mouvement des sciences sociales en tant qu&rsquo;\u00e9l\u00e9ment du paysage scientifique et de la vie collective. L&rsquo;objectif de la conf\u00e9rence est de montrer le mouvement des sciences sociales comme un r\u00e9sultat et en m\u00eame temps un facteur de changement social.<\/p>\n<p>Au cours de la conf\u00e9rence, il est pr\u00e9vu d&rsquo;aborder les probl\u00e8mes sp\u00e9cifiques suivants : les transformations des associations scientifiques, les r\u00f4les et les fonctions des soci\u00e9t\u00e9s scientifiques dans la r\u00e9alit\u00e9 changeante, la diversit\u00e9 des objectifs et des formes d&rsquo;activit\u00e9 du mouvement scientifique social, l\u2019avenir des soci\u00e9t\u00e9s scientifiques.<\/p>\n","protected":false},"excerpt":{"rendered":"<p>\u00c0 l&rsquo;occasion du 200e anniversaire de l\u2019Association Scientifique de P\u0142ock (TNP), en coop\u00e9ration avec le Conseil des Associations Scientifiques de l&rsquo;Acad\u00e9mie polonaise des sciences (PAN), organise une conf\u00e9rence scientifique intitul\u00e9e \u00ab\u00a0Le mouvement des sciences sociales dans le processus de changement\u00a0\u00bb du 5 au 6 juin \u00e0 P\u0142ock. Le 200e anniversaire de l\u2019Association Scientifique de P\u0142ock [&hellip;]<\/p>\n","protected":false},"author":11,"featured_media":0,"comment_status":"closed","ping_status":"closed","sticky":false,"template":"","format":"standard","meta":[],"categories":[41],"tags":[],"_links":{"self":[{"href":"https:\/\/www.polishscience.pl\/fr\/wp-json\/wp\/v2\/posts\/115026"}],"collection":[{"href":"https:\/\/www.polishscience.pl\/fr\/wp-json\/wp\/v2\/posts"}],"about":[{"href":"https:\/\/www.polishscience.pl\/fr\/wp-json\/wp\/v2\/types\/post"}],"author":[{"embeddable":true,"href":"https:\/\/www.polishscience.pl\/fr\/wp-json\/wp\/v2\/users\/11"}],"replies":[{"embeddable":true,"href":"https:\/\/www.polishscience.pl\/fr\/wp-json\/wp\/v2\/comments?post=115026"}],"version-history":[{"count":0,"href":"https:\/\/www.polishscience.pl\/fr\/wp-json\/wp\/v2\/posts\/115026\/revisions"}],"wp:attachment":[{"href":"https:\/\/www.polishscience.pl\/fr\/wp-json\/wp\/v2\/media?parent=115026"}],"wp:term":[{"taxonomy":"category","embeddable":true,"href":"https:\/\/www.polishscience.pl\/fr\/wp-json\/wp\/v2\/categories?post=115026"},{"taxonomy":"post_tag","embeddable":true,"href":"https:\/\/www.polishscience.pl\/fr\/wp-json\/wp\/v2\/tags?post=115026"}],"curies":[{"name":"wp","href":"https:\/\/api.w.org\/{rel}","templated":true}]}}