{"id":115024,"date":"2020-02-13T14:15:24","date_gmt":"2020-02-13T13:15:24","guid":{"rendered":"http:\/\/polishscience.pl\/?p=115024"},"modified":"2020-02-13T14:15:24","modified_gmt":"2020-02-13T13:15:24","slug":"le-seminaire-intitule-les-problemes-choisis-de-la-chimie-a-la-polytechnique-de-rzeszow","status":"publish","type":"post","link":"https:\/\/www.polishscience.pl\/fr\/le-seminaire-intitule-les-problemes-choisis-de-la-chimie-a-la-polytechnique-de-rzeszow\/","title":{"rendered":"Le s\u00e9minaire intitule \u00ab\u00a0Les probl\u00e8mes choisis de la chimie\u00a0\u00bb \u00e0 la Polytechnique de Rzesz\u00f3w"},"content":{"rendered":"<p><strong>Du 13 au 14 f\u00e9vrier \u00e0 la Polytechnique de Rzesz\u00f3w (PRz) se tiendra le XXVIIe s\u00e9minaire \u00ab\u00a0Les probl\u00e8mes choisis de la chimie\u00a0\u00bb. Cet \u00e9v\u00e9nement cyclique s&rsquo;adresse aux \u00e9l\u00e8ves du secondaire de la province des Basses-Carpates qui souhaitent d\u00e9velopper et approfondir leurs connaissances de la chimie moderne.<\/strong><\/p>\n<p>L&rsquo;\u00e9v\u00e9nement est organis\u00e9 par la Facult\u00e9 de chimie de la Polytechnique de Rzesz\u00f3w, le lyc\u00e9e d\u2019enseignement g\u00e9n\u00e9ral nr1 de Rzesz\u00f3w et la branche de Rzesz\u00f3w de l\u2019Association polonaise de chimie.<\/p>\n<p>Comme l&rsquo;informe l&rsquo;Universit\u00e9 polytechnique de Rzeszow, le s\u00e9minaire comprend des conf\u00e9rences de docteur ing\u00e9nieur Barbara Pilch-Pitera, professeur \u00e0 la Polytechnique de Rzesz\u00f3w \u00ab\u00a0Comment colorer le monde &#8230;\u00a0\u00bb. et du docteur ing\u00e9nieur Marek Potoczek, Professeur \u00e0 la Polytechnique de Rzesz\u00f3w \u00ab\u00a0Les mat\u00e9riaux c\u00e9ramiques modernes comme mat\u00e9riaux du 21\u00e8me si\u00e8cle\u00a0\u00bb.<\/p>\n","protected":false},"excerpt":{"rendered":"<p>Du 13 au 14 f\u00e9vrier \u00e0 la Polytechnique de Rzesz\u00f3w (PRz) se tiendra le XXVIIe s\u00e9minaire \u00ab\u00a0Les probl\u00e8mes choisis de la chimie\u00a0\u00bb. Cet \u00e9v\u00e9nement cyclique s&rsquo;adresse aux \u00e9l\u00e8ves du secondaire de la province des Basses-Carpates qui souhaitent d\u00e9velopper et approfondir leurs connaissances de la chimie moderne. L&rsquo;\u00e9v\u00e9nement est organis\u00e9 par la Facult\u00e9 de chimie de [&hellip;]<\/p>\n","protected":false},"author":11,"featured_media":0,"comment_status":"closed","ping_status":"closed","sticky":false,"template":"","format":"standard","meta":[],"categories":[41],"tags":[],"_links":{"self":[{"href":"https:\/\/www.polishscience.pl\/fr\/wp-json\/wp\/v2\/posts\/115024"}],"collection":[{"href":"https:\/\/www.polishscience.pl\/fr\/wp-json\/wp\/v2\/posts"}],"about":[{"href":"https:\/\/www.polishscience.pl\/fr\/wp-json\/wp\/v2\/types\/post"}],"author":[{"embeddable":true,"href":"https:\/\/www.polishscience.pl\/fr\/wp-json\/wp\/v2\/users\/11"}],"replies":[{"embeddable":true,"href":"https:\/\/www.polishscience.pl\/fr\/wp-json\/wp\/v2\/comments?post=115024"}],"version-history":[{"count":0,"href":"https:\/\/www.polishscience.pl\/fr\/wp-json\/wp\/v2\/posts\/115024\/revisions"}],"wp:attachment":[{"href":"https:\/\/www.polishscience.pl\/fr\/wp-json\/wp\/v2\/media?parent=115024"}],"wp:term":[{"taxonomy":"category","embeddable":true,"href":"https:\/\/www.polishscience.pl\/fr\/wp-json\/wp\/v2\/categories?post=115024"},{"taxonomy":"post_tag","embeddable":true,"href":"https:\/\/www.polishscience.pl\/fr\/wp-json\/wp\/v2\/tags?post=115024"}],"curies":[{"name":"wp","href":"https:\/\/api.w.org\/{rel}","templated":true}]}}