{"id":114798,"date":"2020-02-12T14:11:29","date_gmt":"2020-02-12T13:11:29","guid":{"rendered":"http:\/\/polishscience.pl\/?p=114798"},"modified":"2020-02-12T14:11:29","modified_gmt":"2020-02-12T13:11:29","slug":"lecole-dhiver-memoire-en-conflit-a-luniversite-de-varsovie","status":"publish","type":"post","link":"https:\/\/www.polishscience.pl\/fr\/lecole-dhiver-memoire-en-conflit-a-luniversite-de-varsovie\/","title":{"rendered":"L\u2019\u00e9cole d&rsquo;hiver \u00ab\u00a0M\u00e9moire en conflit\u00a0\u00bb \u00e0 l&rsquo;Universit\u00e9 de Varsovie"},"content":{"rendered":"<p><strong>A l&rsquo;Universit\u00e9 de Varsovie (UW), une \u00e9cole d&rsquo;hiver \u00ab\u00a0M\u00e9moire en conflit\u00a0\u00bb a \u00e9t\u00e9 lanc\u00e9e, consacr\u00e9e \u00e0 la complexit\u00e9 des m\u00e9moires europ\u00e9ennes. Il est fr\u00e9quent\u00e9 par 28 \u00e9tudiants et doctorants, principalement issus des universit\u00e9s de l&rsquo;Alliance 4EU+.<\/strong><\/p>\n<p>L&rsquo;\u00e9v\u00e9nement est organis\u00e9 dans le cadre du deuxi\u00e8me programme phare \u00ab\u00a0L&rsquo;Europe dans un monde en mutation : comprendre les soci\u00e9t\u00e9s, les \u00e9conomies, les cultures et les langues\u00a0\u00bb.<\/p>\n<p>Comme l&rsquo;informe l&rsquo;Universit\u00e9 de Varsovie, le th\u00e8me de l&rsquo;\u00e9cole d&rsquo;hiver est la m\u00e9moire collective des conflits et des souvenirs conflictuels cr\u00e9\u00e9s lors d&rsquo;exp\u00e9riences mutuelles. Des doctorants et des \u00e9tudiants des universit\u00e9s de l&rsquo;Alliance 4EU+ y participent :l\u2019Universit\u00e9 de Varsovie, l\u2019Universit\u00e9 Charles de Prague, l\u2019Universit\u00e9 de Heidelberg, l\u2019Universit\u00e9 de Copenhague, l\u2019Universit\u00e9 de la Sorbonne. Ils repr\u00e9sentent diverses disciplines scientifiques : la psychologie, la sociologie, l\u2019anthropologie, l\u2019histoire, la litt\u00e9rature, les sciences politiques ou les \u00e9tudes culturelles.<\/p>\n","protected":false},"excerpt":{"rendered":"<p>A l&rsquo;Universit\u00e9 de Varsovie (UW), une \u00e9cole d&rsquo;hiver \u00ab\u00a0M\u00e9moire en conflit\u00a0\u00bb a \u00e9t\u00e9 lanc\u00e9e, consacr\u00e9e \u00e0 la complexit\u00e9 des m\u00e9moires europ\u00e9ennes. Il est fr\u00e9quent\u00e9 par 28 \u00e9tudiants et doctorants, principalement issus des universit\u00e9s de l&rsquo;Alliance 4EU+. L&rsquo;\u00e9v\u00e9nement est organis\u00e9 dans le cadre du deuxi\u00e8me programme phare \u00ab\u00a0L&rsquo;Europe dans un monde en mutation : comprendre les [&hellip;]<\/p>\n","protected":false},"author":11,"featured_media":0,"comment_status":"closed","ping_status":"closed","sticky":false,"template":"","format":"standard","meta":[],"categories":[35,41],"tags":[],"_links":{"self":[{"href":"https:\/\/www.polishscience.pl\/fr\/wp-json\/wp\/v2\/posts\/114798"}],"collection":[{"href":"https:\/\/www.polishscience.pl\/fr\/wp-json\/wp\/v2\/posts"}],"about":[{"href":"https:\/\/www.polishscience.pl\/fr\/wp-json\/wp\/v2\/types\/post"}],"author":[{"embeddable":true,"href":"https:\/\/www.polishscience.pl\/fr\/wp-json\/wp\/v2\/users\/11"}],"replies":[{"embeddable":true,"href":"https:\/\/www.polishscience.pl\/fr\/wp-json\/wp\/v2\/comments?post=114798"}],"version-history":[{"count":0,"href":"https:\/\/www.polishscience.pl\/fr\/wp-json\/wp\/v2\/posts\/114798\/revisions"}],"wp:attachment":[{"href":"https:\/\/www.polishscience.pl\/fr\/wp-json\/wp\/v2\/media?parent=114798"}],"wp:term":[{"taxonomy":"category","embeddable":true,"href":"https:\/\/www.polishscience.pl\/fr\/wp-json\/wp\/v2\/categories?post=114798"},{"taxonomy":"post_tag","embeddable":true,"href":"https:\/\/www.polishscience.pl\/fr\/wp-json\/wp\/v2\/tags?post=114798"}],"curies":[{"name":"wp","href":"https:\/\/api.w.org\/{rel}","templated":true}]}}