{"id":114397,"date":"2020-02-10T16:31:59","date_gmt":"2020-02-10T15:31:59","guid":{"rendered":"http:\/\/polishscience.pl\/?p=114397"},"modified":"2020-02-10T16:31:59","modified_gmt":"2020-02-10T15:31:59","slug":"la-polytechnique-dopole-soutiendra-les-villes-municipales-dans-la-lutte-pour-la-purete-de-lair","status":"publish","type":"post","link":"https:\/\/www.polishscience.pl\/fr\/la-polytechnique-dopole-soutiendra-les-villes-municipales-dans-la-lutte-pour-la-purete-de-lair\/","title":{"rendered":"La Polytechnique d&rsquo;Opole soutiendra les villes municipales dans la lutte pour la puret\u00e9 de l&rsquo;air"},"content":{"rendered":"<p><strong>La Polytechnique d&rsquo;Opole et les gouvernements locaux de la r\u00e9gion d&rsquo;Opole r\u00e9aliseront le projet \u00ab\u00a0La mise en \u0153uvre du syst\u00e8me de gestion de la qualit\u00e9 de l&rsquo;air dans la r\u00e9gion d&rsquo;Opole\u00a0\u00bb. L&rsquo;objectif est d&rsquo;augmenter la capacit\u00e9 et d&rsquo;am\u00e9liorer la qualit\u00e9 de l&rsquo;administration publique \u00e0 tous les niveaux en ce qui concerne les mesures correctives sp\u00e9cifi\u00e9es dans le plan de protection de l&rsquo;air (POP) &#8211; informe l&rsquo;universit\u00e9.<\/strong><\/p>\n<p>Les outils permettant d&rsquo;atteindre cet objectif comprennent la pr\u00e9paration et la mise en \u0153uvre d&rsquo;un syst\u00e8me d&rsquo;information uniforme soutenant la mise en \u0153uvre des POP, ainsi que la sensibilisation du public aux questions de qualit\u00e9 de l&rsquo;air.<\/p>\n<p>L&rsquo;universit\u00e9 polytechnique pr\u00e9parera et organisera des \u00e9tudes de troisi\u00e8me cycle pour les coordinateurs communaux de la protection de l&rsquo;air. Gr\u00e2ce \u00e0 cela, chaque commune disposera d&rsquo;un conseiller qualifi\u00e9 qui pourra l&rsquo;aider, par exemple, \u00e0 choisir une source de chaleur \u00e9cologique. Il donnera \u00e9galement des conseils sur la mani\u00e8re d&rsquo;obtenir un financement pour le remplacement de la chaudi\u00e8re et sur l&rsquo;offre \u00e0 faire.<\/p>\n","protected":false},"excerpt":{"rendered":"<p>La Polytechnique d&rsquo;Opole et les gouvernements locaux de la r\u00e9gion d&rsquo;Opole r\u00e9aliseront le projet \u00ab\u00a0La mise en \u0153uvre du syst\u00e8me de gestion de la qualit\u00e9 de l&rsquo;air dans la r\u00e9gion d&rsquo;Opole\u00a0\u00bb. L&rsquo;objectif est d&rsquo;augmenter la capacit\u00e9 et d&rsquo;am\u00e9liorer la qualit\u00e9 de l&rsquo;administration publique \u00e0 tous les niveaux en ce qui concerne les mesures correctives sp\u00e9cifi\u00e9es [&hellip;]<\/p>\n","protected":false},"author":11,"featured_media":0,"comment_status":"closed","ping_status":"closed","sticky":false,"template":"","format":"standard","meta":[],"categories":[35],"tags":[],"_links":{"self":[{"href":"https:\/\/www.polishscience.pl\/fr\/wp-json\/wp\/v2\/posts\/114397"}],"collection":[{"href":"https:\/\/www.polishscience.pl\/fr\/wp-json\/wp\/v2\/posts"}],"about":[{"href":"https:\/\/www.polishscience.pl\/fr\/wp-json\/wp\/v2\/types\/post"}],"author":[{"embeddable":true,"href":"https:\/\/www.polishscience.pl\/fr\/wp-json\/wp\/v2\/users\/11"}],"replies":[{"embeddable":true,"href":"https:\/\/www.polishscience.pl\/fr\/wp-json\/wp\/v2\/comments?post=114397"}],"version-history":[{"count":0,"href":"https:\/\/www.polishscience.pl\/fr\/wp-json\/wp\/v2\/posts\/114397\/revisions"}],"wp:attachment":[{"href":"https:\/\/www.polishscience.pl\/fr\/wp-json\/wp\/v2\/media?parent=114397"}],"wp:term":[{"taxonomy":"category","embeddable":true,"href":"https:\/\/www.polishscience.pl\/fr\/wp-json\/wp\/v2\/categories?post=114397"},{"taxonomy":"post_tag","embeddable":true,"href":"https:\/\/www.polishscience.pl\/fr\/wp-json\/wp\/v2\/tags?post=114397"}],"curies":[{"name":"wp","href":"https:\/\/api.w.org\/{rel}","templated":true}]}}