{"id":114388,"date":"2020-02-10T15:02:09","date_gmt":"2020-02-10T14:02:09","guid":{"rendered":"http:\/\/polishscience.pl\/?p=114388"},"modified":"2020-02-10T15:02:09","modified_gmt":"2020-02-10T14:02:09","slug":"le-premier-congres-des-humanistes-polonais","status":"publish","type":"post","link":"https:\/\/www.polishscience.pl\/fr\/le-premier-congres-des-humanistes-polonais\/","title":{"rendered":"Le premier congr\u00e8s des humanistes polonais"},"content":{"rendered":"<p><strong>Du 20 au 23 avril 2020, l&rsquo;universit\u00e9 de \u0141\u00f3d\u017a (U\u0141) accueillera le premier congr\u00e8s des humanistes polonais.<\/strong><\/p>\n<p>Comme l&rsquo;informe l&rsquo;Universit\u00e9 de Lodz, le congr\u00e8s est une r\u00e9union de scientifiques polonais repr\u00e9sentant toutes les disciplines et sp\u00e9cialit\u00e9s des sciences humaines.<\/p>\n<p>Nous souhaitons que cette rencontre soit un forum largement ouvert pour des entretiens, des discussions, des \u00e9changes d&rsquo;id\u00e9es et de positions diverses qui \u00e9tablissent un dialogue les uns avec les autres, ainsi que pour provoquer des d\u00e9bats et confronter des positions diff\u00e9rentes, et qu&rsquo;elle ait lieu p\u00e9riodiquement tous les 2 ans \u2013 \u00e0 lire les informations sur U\u0141.<\/p>\n<p>Le premier congr\u00e8s des humanistes polonais se tiendra sous la banni\u00e8re des sciences humaines au XXIe si\u00e8cle. Il encourage l&rsquo;examen des id\u00e9es les plus importantes de la recherche en sciences humaines contemporaine, ainsi que l&rsquo;identification et la formulation des tendances les plus importantes concernant l&rsquo;avenir. Des conf\u00e9rences et des panels particuliers, anim\u00e9s par des repr\u00e9sentants \u00e9minents de disciplines particuli\u00e8res, porteront notamment sur la question de l&rsquo;interdisciplinarit\u00e9 en sciences humaines, l&rsquo;importance de la langue et de la litt\u00e9rature dans la nouvelle r\u00e9alit\u00e9 sociale, le r\u00f4le des nouveaux espaces, par exemple les post-humanit\u00e9s et les bio-humanit\u00e9s.<\/p>\n","protected":false},"excerpt":{"rendered":"<p>Du 20 au 23 avril 2020, l&rsquo;universit\u00e9 de \u0141\u00f3d\u017a (U\u0141) accueillera le premier congr\u00e8s des humanistes polonais. Comme l&rsquo;informe l&rsquo;Universit\u00e9 de Lodz, le congr\u00e8s est une r\u00e9union de scientifiques polonais repr\u00e9sentant toutes les disciplines et sp\u00e9cialit\u00e9s des sciences humaines. Nous souhaitons que cette rencontre soit un forum largement ouvert pour des entretiens, des discussions, des [&hellip;]<\/p>\n","protected":false},"author":11,"featured_media":0,"comment_status":"closed","ping_status":"closed","sticky":false,"template":"","format":"standard","meta":[],"categories":[37],"tags":[],"_links":{"self":[{"href":"https:\/\/www.polishscience.pl\/fr\/wp-json\/wp\/v2\/posts\/114388"}],"collection":[{"href":"https:\/\/www.polishscience.pl\/fr\/wp-json\/wp\/v2\/posts"}],"about":[{"href":"https:\/\/www.polishscience.pl\/fr\/wp-json\/wp\/v2\/types\/post"}],"author":[{"embeddable":true,"href":"https:\/\/www.polishscience.pl\/fr\/wp-json\/wp\/v2\/users\/11"}],"replies":[{"embeddable":true,"href":"https:\/\/www.polishscience.pl\/fr\/wp-json\/wp\/v2\/comments?post=114388"}],"version-history":[{"count":0,"href":"https:\/\/www.polishscience.pl\/fr\/wp-json\/wp\/v2\/posts\/114388\/revisions"}],"wp:attachment":[{"href":"https:\/\/www.polishscience.pl\/fr\/wp-json\/wp\/v2\/media?parent=114388"}],"wp:term":[{"taxonomy":"category","embeddable":true,"href":"https:\/\/www.polishscience.pl\/fr\/wp-json\/wp\/v2\/categories?post=114388"},{"taxonomy":"post_tag","embeddable":true,"href":"https:\/\/www.polishscience.pl\/fr\/wp-json\/wp\/v2\/tags?post=114388"}],"curies":[{"name":"wp","href":"https:\/\/api.w.org\/{rel}","templated":true}]}}