{"id":114143,"date":"2020-02-07T12:39:01","date_gmt":"2020-02-07T11:39:01","guid":{"rendered":"http:\/\/polishscience.pl\/?p=114143"},"modified":"2020-02-07T13:39:19","modified_gmt":"2020-02-07T12:39:19","slug":"le-professeur-dulak-est-representant-polonais-au-forum-strategique-europeen-sur-les-infrastructures-de-recherche","status":"publish","type":"post","link":"https:\/\/www.polishscience.pl\/fr\/le-professeur-dulak-est-representant-polonais-au-forum-strategique-europeen-sur-les-infrastructures-de-recherche\/","title":{"rendered":"Le professeur Dulak est repr\u00e9sentant polonais au Forum strat\u00e9gique europ\u00e9en sur les infrastructures de recherche"},"content":{"rendered":"<p><strong>Le professeur J\u00f3zef Dulak de la Facult\u00e9 de biochimie, biophysique et biotechnologie de l&rsquo;Universit\u00e9 Jagellonne (UJ) a \u00e9t\u00e9 nomm\u00e9 par le minist\u00e8re des sciences et de l&rsquo;enseignement sup\u00e9rieur comme repr\u00e9sentant de la Pologne au sein du Forum strat\u00e9gique europ\u00e9en sur les infrastructures de recherche (ESFRI).<\/strong><\/p>\n<p>Le Forum strat\u00e9gique europ\u00e9en sur les infrastructures de recherche a \u00e9t\u00e9 cr\u00e9\u00e9 en 2002 en r\u00e9ponse \u00e0 la n\u00e9cessit\u00e9 de cr\u00e9er une strat\u00e9gie coh\u00e9rente pour le d\u00e9veloppement des infrastructures de recherche europ\u00e9ennes.<\/p>\n<p>La coh\u00e9rence des efforts visant \u00e0 am\u00e9liorer la qualit\u00e9 de la science europ\u00e9enne et le d\u00e9veloppement d&rsquo;une m\u00e9thodologie transparente pour la cr\u00e9ation et la mise \u00e0 jour de la feuille de route europ\u00e9enne pour les infrastructures de recherche ont conduit l&rsquo;ESFRI \u00e0 la reconnaissance de la communaut\u00e9 scientifique europ\u00e9enne.<\/p>\n<p>Les d\u00e9l\u00e9gu\u00e9s de l&rsquo;ESFRI sont des experts nomm\u00e9s par les minist\u00e8res comp\u00e9tents des \u00c9tats membres de l&rsquo;Union europ\u00e9enne et des pays associ\u00e9s. Leurs r\u00e9unions ont abouti \u00e0 l&rsquo;\u00e9laboration de politiques sur les infrastructures de recherche dans le Vieux Continent. L&rsquo;ESFRI n&rsquo;est pas un organe d\u00e9cisionnel et ne distribue pas de fonds.<\/p>\n","protected":false},"excerpt":{"rendered":"<p>Le professeur J\u00f3zef Dulak de la Facult\u00e9 de biochimie, biophysique et biotechnologie de l&rsquo;Universit\u00e9 Jagellonne (UJ) a \u00e9t\u00e9 nomm\u00e9 par le minist\u00e8re des sciences et de l&rsquo;enseignement sup\u00e9rieur comme repr\u00e9sentant de la Pologne au sein du Forum strat\u00e9gique europ\u00e9en sur les infrastructures de recherche (ESFRI). Le Forum strat\u00e9gique europ\u00e9en sur les infrastructures de recherche a [&hellip;]<\/p>\n","protected":false},"author":11,"featured_media":0,"comment_status":"closed","ping_status":"closed","sticky":false,"template":"","format":"standard","meta":[],"categories":[41],"tags":[],"_links":{"self":[{"href":"https:\/\/www.polishscience.pl\/fr\/wp-json\/wp\/v2\/posts\/114143"}],"collection":[{"href":"https:\/\/www.polishscience.pl\/fr\/wp-json\/wp\/v2\/posts"}],"about":[{"href":"https:\/\/www.polishscience.pl\/fr\/wp-json\/wp\/v2\/types\/post"}],"author":[{"embeddable":true,"href":"https:\/\/www.polishscience.pl\/fr\/wp-json\/wp\/v2\/users\/11"}],"replies":[{"embeddable":true,"href":"https:\/\/www.polishscience.pl\/fr\/wp-json\/wp\/v2\/comments?post=114143"}],"version-history":[{"count":0,"href":"https:\/\/www.polishscience.pl\/fr\/wp-json\/wp\/v2\/posts\/114143\/revisions"}],"wp:attachment":[{"href":"https:\/\/www.polishscience.pl\/fr\/wp-json\/wp\/v2\/media?parent=114143"}],"wp:term":[{"taxonomy":"category","embeddable":true,"href":"https:\/\/www.polishscience.pl\/fr\/wp-json\/wp\/v2\/categories?post=114143"},{"taxonomy":"post_tag","embeddable":true,"href":"https:\/\/www.polishscience.pl\/fr\/wp-json\/wp\/v2\/tags?post=114143"}],"curies":[{"name":"wp","href":"https:\/\/api.w.org\/{rel}","templated":true}]}}