{"id":113464,"date":"2020-02-04T13:40:15","date_gmt":"2020-02-04T12:40:15","guid":{"rendered":"http:\/\/polishscience.pl\/?p=113464"},"modified":"2020-02-04T13:40:15","modified_gmt":"2020-02-04T12:40:15","slug":"la-tenue-du-forum-pour-letat-de-droit-a-varsovie","status":"publish","type":"post","link":"https:\/\/www.polishscience.pl\/fr\/la-tenue-du-forum-pour-letat-de-droit-a-varsovie\/","title":{"rendered":"La tenue du \u00ab\u00a0Forum pour l&rsquo;\u00c9tat de droit\u00a0\u00bb \u00e0 Varsovie"},"content":{"rendered":"<p><strong>Des repr\u00e9sentants des institutions et de la communaut\u00e9 juridique et scientifique se sont r\u00e9unis vendredi (31 janvier) pour discuter de la r\u00e9forme judiciaire. L&rsquo;invitation au dialogue a \u00e9t\u00e9 lanc\u00e9e par l&rsquo;Acad\u00e9mie polonaise des sciences (PAN), qui a accueilli l&rsquo;\u00e9v\u00e9nement au Palais Staszic.<\/strong><\/p>\n<p>\u00ab\u00a0Je suis fermement convaincu que nous pouvons discuter entre nous de mani\u00e8re substantielle et dans le respect mutuel. Je crois fermement que nous &#8211; assis \u00e0 cette table aujourd&rsquo;hui &#8211; pouvons faire des progr\u00e8s en mati\u00e8re d&rsquo;\u00c9tat de droit\u00a0\u00bb &#8211; a d\u00e9clar\u00e9 le pr\u00e9sident du PAN, le professeur Jerzy Duszy\u0144ski, en souhaitant la bienvenue aux participants du Forum.<\/p>\n<p>Parmi les participants au Forum figuraient Jaros\u0142aw Gowin, vice-premier ministre, ministre des sciences et de l&rsquo;enseignement sup\u00e9rieur et Pawe\u0142 Mucha, secr\u00e9taire d&rsquo;\u00c9tat \u00e0 la chancellerie du pr\u00e9sident.<\/p>\n<p>Le \u00ab\u00a0Forum pour l&rsquo;\u00c9tat de droit\u00a0\u00bb a \u00e9t\u00e9 organis\u00e9 par l&rsquo;Acad\u00e9mie polonaise des sciences en coop\u00e9ration avec l&rsquo;Acad\u00e9mie polonaise des arts et des sciences. L&rsquo;objectif de l&rsquo;initiative est un dialogue de fond sur la r\u00e9forme judiciaire. Elle r\u00e9pond \u00e9galement aux appels de la communaut\u00e9 juridique en faveur d&rsquo;une table ronde sur l&rsquo;\u00c9tat de droit.<\/p>\n","protected":false},"excerpt":{"rendered":"<p>Des repr\u00e9sentants des institutions et de la communaut\u00e9 juridique et scientifique se sont r\u00e9unis vendredi (31 janvier) pour discuter de la r\u00e9forme judiciaire. L&rsquo;invitation au dialogue a \u00e9t\u00e9 lanc\u00e9e par l&rsquo;Acad\u00e9mie polonaise des sciences (PAN), qui a accueilli l&rsquo;\u00e9v\u00e9nement au Palais Staszic. \u00ab\u00a0Je suis fermement convaincu que nous pouvons discuter entre nous de mani\u00e8re substantielle [&hellip;]<\/p>\n","protected":false},"author":11,"featured_media":0,"comment_status":"closed","ping_status":"closed","sticky":false,"template":"","format":"standard","meta":[],"categories":[41],"tags":[],"_links":{"self":[{"href":"https:\/\/www.polishscience.pl\/fr\/wp-json\/wp\/v2\/posts\/113464"}],"collection":[{"href":"https:\/\/www.polishscience.pl\/fr\/wp-json\/wp\/v2\/posts"}],"about":[{"href":"https:\/\/www.polishscience.pl\/fr\/wp-json\/wp\/v2\/types\/post"}],"author":[{"embeddable":true,"href":"https:\/\/www.polishscience.pl\/fr\/wp-json\/wp\/v2\/users\/11"}],"replies":[{"embeddable":true,"href":"https:\/\/www.polishscience.pl\/fr\/wp-json\/wp\/v2\/comments?post=113464"}],"version-history":[{"count":0,"href":"https:\/\/www.polishscience.pl\/fr\/wp-json\/wp\/v2\/posts\/113464\/revisions"}],"wp:attachment":[{"href":"https:\/\/www.polishscience.pl\/fr\/wp-json\/wp\/v2\/media?parent=113464"}],"wp:term":[{"taxonomy":"category","embeddable":true,"href":"https:\/\/www.polishscience.pl\/fr\/wp-json\/wp\/v2\/categories?post=113464"},{"taxonomy":"post_tag","embeddable":true,"href":"https:\/\/www.polishscience.pl\/fr\/wp-json\/wp\/v2\/tags?post=113464"}],"curies":[{"name":"wp","href":"https:\/\/api.w.org\/{rel}","templated":true}]}}