{"id":113456,"date":"2020-02-04T11:15:11","date_gmt":"2020-02-04T10:15:11","guid":{"rendered":"http:\/\/polishscience.pl\/?p=113456"},"modified":"2020-02-04T11:15:11","modified_gmt":"2020-02-04T10:15:11","slug":"la-rencontre-entre-le-vice-premier-ministre-gowin-et-le-commissaire-europeen-charge-du-travail-et-des-droits-sociaux","status":"publish","type":"post","link":"https:\/\/www.polishscience.pl\/fr\/la-rencontre-entre-le-vice-premier-ministre-gowin-et-le-commissaire-europeen-charge-du-travail-et-des-droits-sociaux\/","title":{"rendered":"La rencontre entre le vice-premier ministre Gowin et le commissaire europ\u00e9en charg\u00e9 du travail et des droits sociaux"},"content":{"rendered":"<p><strong>Le lien entre l&rsquo;enseignement sup\u00e9rieur et le march\u00e9 du travail a \u00e9t\u00e9 discut\u00e9 \u00e0 Varsovie entre Jaros\u0142aw Gowin, vice-premier ministre et ministre des sciences et de l&rsquo;enseignement sup\u00e9rieur et Nicolas Schmit, commissaire europ\u00e9en charg\u00e9 du travail et des droits sociaux.<\/strong><\/p>\n<p>Comme le souligne le minist\u00e8re des sciences, en Pologne, afin de renforcer l&rsquo;enseignement pratique, permettant le d\u00e9veloppement des aptitudes professionnelles et des comp\u00e9tences sociales des \u00e9tudiants, deux formes d&rsquo;enseignement dans des cours pratiques ont \u00e9t\u00e9 introduites par la Constitution pour la science de 2018 : l&rsquo;apprentissage obligatoire et les \u00e9tudes en alternance.<\/p>\n<p>La loi a \u00e9galement permis aux \u00e9coles professionnelles de dispenser un enseignement sp\u00e9cialis\u00e9. Une personne qui a suivi une formation sp\u00e9cialis\u00e9e recevra un certificat de sp\u00e9cialiste agr\u00e9\u00e9 ou de technologue sp\u00e9cialis\u00e9 agr\u00e9\u00e9.<\/p>\n","protected":false},"excerpt":{"rendered":"<p>Le lien entre l&rsquo;enseignement sup\u00e9rieur et le march\u00e9 du travail a \u00e9t\u00e9 discut\u00e9 \u00e0 Varsovie entre Jaros\u0142aw Gowin, vice-premier ministre et ministre des sciences et de l&rsquo;enseignement sup\u00e9rieur et Nicolas Schmit, commissaire europ\u00e9en charg\u00e9 du travail et des droits sociaux. Comme le souligne le minist\u00e8re des sciences, en Pologne, afin de renforcer l&rsquo;enseignement pratique, permettant [&hellip;]<\/p>\n","protected":false},"author":11,"featured_media":0,"comment_status":"closed","ping_status":"closed","sticky":false,"template":"","format":"standard","meta":[],"categories":[35],"tags":[],"_links":{"self":[{"href":"https:\/\/www.polishscience.pl\/fr\/wp-json\/wp\/v2\/posts\/113456"}],"collection":[{"href":"https:\/\/www.polishscience.pl\/fr\/wp-json\/wp\/v2\/posts"}],"about":[{"href":"https:\/\/www.polishscience.pl\/fr\/wp-json\/wp\/v2\/types\/post"}],"author":[{"embeddable":true,"href":"https:\/\/www.polishscience.pl\/fr\/wp-json\/wp\/v2\/users\/11"}],"replies":[{"embeddable":true,"href":"https:\/\/www.polishscience.pl\/fr\/wp-json\/wp\/v2\/comments?post=113456"}],"version-history":[{"count":0,"href":"https:\/\/www.polishscience.pl\/fr\/wp-json\/wp\/v2\/posts\/113456\/revisions"}],"wp:attachment":[{"href":"https:\/\/www.polishscience.pl\/fr\/wp-json\/wp\/v2\/media?parent=113456"}],"wp:term":[{"taxonomy":"category","embeddable":true,"href":"https:\/\/www.polishscience.pl\/fr\/wp-json\/wp\/v2\/categories?post=113456"},{"taxonomy":"post_tag","embeddable":true,"href":"https:\/\/www.polishscience.pl\/fr\/wp-json\/wp\/v2\/tags?post=113456"}],"curies":[{"name":"wp","href":"https:\/\/api.w.org\/{rel}","templated":true}]}}