{"id":113304,"date":"2020-02-03T15:29:36","date_gmt":"2020-02-03T14:29:36","guid":{"rendered":"http:\/\/polishscience.pl\/?p=113304"},"modified":"2020-02-03T15:29:36","modified_gmt":"2020-02-03T14:29:36","slug":"lancien-recteur-de-la-polytechnique-dopole-a-recu-letoile-de-linternationalisation-2020","status":"publish","type":"post","link":"https:\/\/www.polishscience.pl\/fr\/lancien-recteur-de-la-polytechnique-dopole-a-recu-letoile-de-linternationalisation-2020\/","title":{"rendered":"L&rsquo;ancien recteur de la Polytechnique d&rsquo;Opole a re\u00e7u l&rsquo;\u00c9toile de l&rsquo;internationalisation 2020&Prime;"},"content":{"rendered":"<p><strong>Le professeur Marek Tukiendorf, recteur de la Polytechnique d&rsquo;Opole pour les ann\u00e9es 2012-2019, a \u00e9t\u00e9 honor\u00e9 \u00e0 titre posthume d&rsquo;un prix sp\u00e9cial \u00ab\u00a0Distinguished Star\u00a0\u00bb dans le cadre du concours \u00ab\u00a0Stars of Internationalisation \u00a0\u00bb &#8211; informe l&rsquo;universit\u00e9.<\/strong><\/p>\n<p>Le professeur Tukiendorf a \u00e9t\u00e9 le pr\u00e9sident de la Commission pour la coop\u00e9ration internationale de la Conf\u00e9rence des recteurs des \u00e9coles acad\u00e9miques en Pologne (KRASP) en 2016-2019.\u00a0 Dans la justification de la r\u00e9compense, le jury sous la pr\u00e9sidence d&rsquo;honneur du Prof. Jan Szmidt (Pr\u00e9sident de la KRASP) a \u00e9crit, entre autres : \u00ab\u00a0Au nom de la KRASP, il \u00e9tait extr\u00eamement d\u00e9sireux et talentueux pour ouvrir de nouvelles directions de coop\u00e9ration &#8211; au niveau des universit\u00e9s et de la Conf\u00e9rence des Recteurs, \u00e0 l&rsquo;Est et \u00e0 l&rsquo;Ouest, en Europe, en Asie et en Am\u00e9rique&#8230; il l&rsquo;a fait tr\u00e8s efficacement\u00a0\u00bb.<\/p>\n<p>Les \u00ab\u00a0Etoiles de l&rsquo;internationalisation\u00a0\u00bb ont \u00e9t\u00e9 d\u00e9cern\u00e9es pour trois ans dans le cadre du programme \u00ab\u00a0Etudier en Pologne\u00a0\u00bb men\u00e9 par la KRASP et la Fondation \u00e9ducative \u00ab\u00a0Perspectives\u00a0\u00bb. Le concours est organis\u00e9 sous le patronage du ministre des sciences et de l&rsquo;enseignement sup\u00e9rieur Jaros\u0142aw Gowin.<\/p>\n<p>Pour en savoir plus : <a href=\"https:\/\/wu.po.opole.pl\/prof-marek-tukiendorf-uhonorowany-gwiazda-umiedzynarodowienia-2020\/?fbclid=IwAR2f-6ASgSnVUrhiwsEGtrO-TXDX1YIzSyhv7p2HVDbtQJPUE_5Le3KcdWk\">https:\/\/wu.po.opole.pl\/prof-marek-tukiendorf-uhonorowany-gwiazda-umiedzynarodowienia-2020\/?fbclid=IwAR2f-6ASgSnVUrhiwsEGtrO-TXDX1YIzSyhv7p2HVDbtQJPUE_5Le3KcdWk<\/a><\/p>\n","protected":false},"excerpt":{"rendered":"<p>Le professeur Marek Tukiendorf, recteur de la Polytechnique d&rsquo;Opole pour les ann\u00e9es 2012-2019, a \u00e9t\u00e9 honor\u00e9 \u00e0 titre posthume d&rsquo;un prix sp\u00e9cial \u00ab\u00a0Distinguished Star\u00a0\u00bb dans le cadre du concours \u00ab\u00a0Stars of Internationalisation \u00a0\u00bb &#8211; informe l&rsquo;universit\u00e9. Le professeur Tukiendorf a \u00e9t\u00e9 le pr\u00e9sident de la Commission pour la coop\u00e9ration internationale de la Conf\u00e9rence des recteurs [&hellip;]<\/p>\n","protected":false},"author":11,"featured_media":0,"comment_status":"closed","ping_status":"closed","sticky":false,"template":"","format":"standard","meta":[],"categories":[35],"tags":[],"_links":{"self":[{"href":"https:\/\/www.polishscience.pl\/fr\/wp-json\/wp\/v2\/posts\/113304"}],"collection":[{"href":"https:\/\/www.polishscience.pl\/fr\/wp-json\/wp\/v2\/posts"}],"about":[{"href":"https:\/\/www.polishscience.pl\/fr\/wp-json\/wp\/v2\/types\/post"}],"author":[{"embeddable":true,"href":"https:\/\/www.polishscience.pl\/fr\/wp-json\/wp\/v2\/users\/11"}],"replies":[{"embeddable":true,"href":"https:\/\/www.polishscience.pl\/fr\/wp-json\/wp\/v2\/comments?post=113304"}],"version-history":[{"count":0,"href":"https:\/\/www.polishscience.pl\/fr\/wp-json\/wp\/v2\/posts\/113304\/revisions"}],"wp:attachment":[{"href":"https:\/\/www.polishscience.pl\/fr\/wp-json\/wp\/v2\/media?parent=113304"}],"wp:term":[{"taxonomy":"category","embeddable":true,"href":"https:\/\/www.polishscience.pl\/fr\/wp-json\/wp\/v2\/categories?post=113304"},{"taxonomy":"post_tag","embeddable":true,"href":"https:\/\/www.polishscience.pl\/fr\/wp-json\/wp\/v2\/tags?post=113304"}],"curies":[{"name":"wp","href":"https:\/\/api.w.org\/{rel}","templated":true}]}}