{"id":113300,"date":"2020-02-03T12:57:14","date_gmt":"2020-02-03T11:57:14","guid":{"rendered":"http:\/\/polishscience.pl\/?p=113300"},"modified":"2020-02-03T12:57:14","modified_gmt":"2020-02-03T11:57:14","slug":"les-etudiants-etrangers-en-pologne-en-2020","status":"publish","type":"post","link":"https:\/\/www.polishscience.pl\/fr\/les-etudiants-etrangers-en-pologne-en-2020\/","title":{"rendered":"Les \u00e9tudiants \u00e9trangers en Pologne en 2020"},"content":{"rendered":"<p><strong>La conf\u00e9rence annuelle Study in Poland \u00ab\u00a0Les \u00e9tudiants \u00e9trangers en Pologne\u00a0\u00bb a eu lieu du 26 au 28 janvier \u00e0 \u0141\u00f3d\u017a. La conf\u00e9rence \u00e9tait organis\u00e9e par la Fondation pour l&rsquo;\u00e9ducation Perspectives, la Polytechnique de \u0141\u00f3d\u017a et la Conf\u00e9rence des recteurs des \u00e9coles universitaires polonaises KRASP.<\/strong><\/p>\n<p>L&rsquo;objectif de la conf\u00e9rence &#8211; comme l&rsquo;ont soulign\u00e9 les organisateurs &#8211; \u00e9tait d&rsquo;\u00e9changer des opinions, de pr\u00e9senter les bonnes pratiques, de diagnostiquer les probl\u00e8mes et de discuter des d\u00e9fis qui permettront de d\u00e9velopper un concept d&rsquo;am\u00e9lioration de la qualit\u00e9 et de l&rsquo;efficacit\u00e9 des activit\u00e9s qui contribueront \u00e0 la croissance de l&rsquo;internationalisation de l&rsquo;enseignement sup\u00e9rieur et de la science polonaise.<\/p>\n<p>L&rsquo;\u00e9v\u00e9nement a \u00e9t\u00e9 accompagn\u00e9 de la c\u00e9r\u00e9monie de remise des prix \u00ab\u00a0Stars of Internationalisation\/Internationalisation Star\u00a0\u00bb d\u00e9cern\u00e9s \u00e0 des personnes ayant accompli des r\u00e9alisations exceptionnelles dans le domaine de l&rsquo;internationalisation de l&rsquo;enseignement sup\u00e9rieur polonais.<\/p>\n<p>Cette ann\u00e9e, ils ont \u00e9t\u00e9 r\u00e9compens\u00e9s :<br \/>\n\u00ab\u00a0Research Star\u00a0\u00bb &#8211; Prof. Grzegorz Mazurek de l&rsquo;Universit\u00e9 Kozminski de Varsovie<br \/>\n\u00ab\u00a0Teaching Star\u00a0\u00bb &#8211; Prof. Jacek Szepietowski de l&rsquo;Universit\u00e9 de m\u00e9decine de Wroclaw<br \/>\n\u00ab\u00a0Management Star\u00a0\u00bb &#8211; Dr Dorota Piotrowska de la Polytechnique de Lodz<br \/>\n\u00ab\u00a0Marketing Star\u00a0\u00bb &#8211; Marcin Witkowski de l&rsquo;Universit\u00e9 Adam Mickiewicz \u00e0 Pozna\u0144.<\/p>\n","protected":false},"excerpt":{"rendered":"<p>La conf\u00e9rence annuelle Study in Poland \u00ab\u00a0Les \u00e9tudiants \u00e9trangers en Pologne\u00a0\u00bb a eu lieu du 26 au 28 janvier \u00e0 \u0141\u00f3d\u017a. La conf\u00e9rence \u00e9tait organis\u00e9e par la Fondation pour l&rsquo;\u00e9ducation Perspectives, la Polytechnique de \u0141\u00f3d\u017a et la Conf\u00e9rence des recteurs des \u00e9coles universitaires polonaises KRASP. L&rsquo;objectif de la conf\u00e9rence &#8211; comme l&rsquo;ont soulign\u00e9 les organisateurs [&hellip;]<\/p>\n","protected":false},"author":11,"featured_media":0,"comment_status":"closed","ping_status":"closed","sticky":false,"template":"","format":"standard","meta":[],"categories":[41],"tags":[],"_links":{"self":[{"href":"https:\/\/www.polishscience.pl\/fr\/wp-json\/wp\/v2\/posts\/113300"}],"collection":[{"href":"https:\/\/www.polishscience.pl\/fr\/wp-json\/wp\/v2\/posts"}],"about":[{"href":"https:\/\/www.polishscience.pl\/fr\/wp-json\/wp\/v2\/types\/post"}],"author":[{"embeddable":true,"href":"https:\/\/www.polishscience.pl\/fr\/wp-json\/wp\/v2\/users\/11"}],"replies":[{"embeddable":true,"href":"https:\/\/www.polishscience.pl\/fr\/wp-json\/wp\/v2\/comments?post=113300"}],"version-history":[{"count":0,"href":"https:\/\/www.polishscience.pl\/fr\/wp-json\/wp\/v2\/posts\/113300\/revisions"}],"wp:attachment":[{"href":"https:\/\/www.polishscience.pl\/fr\/wp-json\/wp\/v2\/media?parent=113300"}],"wp:term":[{"taxonomy":"category","embeddable":true,"href":"https:\/\/www.polishscience.pl\/fr\/wp-json\/wp\/v2\/categories?post=113300"},{"taxonomy":"post_tag","embeddable":true,"href":"https:\/\/www.polishscience.pl\/fr\/wp-json\/wp\/v2\/tags?post=113300"}],"curies":[{"name":"wp","href":"https:\/\/api.w.org\/{rel}","templated":true}]}}