{"id":113294,"date":"2020-02-03T12:16:29","date_gmt":"2020-02-03T11:16:29","guid":{"rendered":"http:\/\/polishscience.pl\/?p=113294"},"modified":"2020-02-03T12:16:29","modified_gmt":"2020-02-03T11:16:29","slug":"il-y-aura-un-amendement-a-la-constitution-pour-la-science","status":"publish","type":"post","link":"https:\/\/www.polishscience.pl\/fr\/il-y-aura-un-amendement-a-la-constitution-pour-la-science\/","title":{"rendered":"Il y aura un amendement \u00e0 la Constitution pour la science"},"content":{"rendered":"<p><strong>En ce qui concerne les cas enregistr\u00e9s de violation du principe de la libert\u00e9 d&rsquo;expression dans les universit\u00e9s, le minist\u00e8re des sciences a d\u00e9cid\u00e9 de proposer des solutions pour renforcer la libert\u00e9 acad\u00e9mique.<\/strong><\/p>\n<p>Le vice-premier ministre, ministre des sciences et de l&rsquo;enseignement sup\u00e9rieur Jaros\u0142aw Gowin a annonc\u00e9 un amendement \u00e0 la Constitution pour la science, dont l&rsquo;objectif sera de garantir \u00e0 tous les membres de la communaut\u00e9 des \u00e9tablissements d&rsquo;enseignement sup\u00e9rieur et aux employ\u00e9s du syst\u00e8me d&rsquo;enseignement sup\u00e9rieur et scientifique la libert\u00e9 li\u00e9e \u00e0 l&rsquo;\u00e9ducation, \u00e0 l&rsquo;expression des opinions et \u00e0 la conduite de l&rsquo;activit\u00e9 scientifique.<\/p>\n<p>Les universit\u00e9s doivent \u00eatre un espace o\u00f9 les diff\u00e9rents points de vue peuvent s&rsquo;affronter librement. D\u00e8s le d\u00e9but des travaux sur la Constitution pour la science, j&rsquo;ai soulign\u00e9 que la loi devait \u00e9largir l&rsquo;autonomie des universit\u00e9s &#8211; c&rsquo;est ce qui s&rsquo;est pass\u00e9. Cependant, une plus grande libert\u00e9 a souvent \u00e9t\u00e9 utilis\u00e9e pour limiter la libert\u00e9 interne de l&rsquo;universit\u00e9 &#8211; a d\u00e9clar\u00e9 le vice-premier ministre Gowin.<\/p>\n<p>Dans le m\u00eame temps, il a soulign\u00e9 que \u00ab\u00a0les universit\u00e9s doivent \u00eatre un espace o\u00f9 s&rsquo;affrontent librement des points de vue, des approches et des m\u00e9thodologies diff\u00e9rentes\u00a0\u00bb. \u00ab\u00a0Bien entendu, en supposant la nature scientifique des postes occup\u00e9s, des conf\u00e9rences ou des recherches scientifiques\u00a0\u00bb. &#8211; &#8230;a \u00e9t\u00e9 r\u00e9serv\u00e9e par le ministre des Sciences.<\/p>\n<p>Plus d&rsquo;informations:<br \/>\n<a href=\"https:\/\/konstytucjadlanauki.gov.pl\/\">https:\/\/konstytucjadlanauki.gov.pl\/<\/a><\/p>\n","protected":false},"excerpt":{"rendered":"<p>En ce qui concerne les cas enregistr\u00e9s de violation du principe de la libert\u00e9 d&rsquo;expression dans les universit\u00e9s, le minist\u00e8re des sciences a d\u00e9cid\u00e9 de proposer des solutions pour renforcer la libert\u00e9 acad\u00e9mique. Le vice-premier ministre, ministre des sciences et de l&rsquo;enseignement sup\u00e9rieur Jaros\u0142aw Gowin a annonc\u00e9 un amendement \u00e0 la Constitution pour la science, [&hellip;]<\/p>\n","protected":false},"author":11,"featured_media":0,"comment_status":"closed","ping_status":"closed","sticky":false,"template":"","format":"standard","meta":[],"categories":[35],"tags":[],"_links":{"self":[{"href":"https:\/\/www.polishscience.pl\/fr\/wp-json\/wp\/v2\/posts\/113294"}],"collection":[{"href":"https:\/\/www.polishscience.pl\/fr\/wp-json\/wp\/v2\/posts"}],"about":[{"href":"https:\/\/www.polishscience.pl\/fr\/wp-json\/wp\/v2\/types\/post"}],"author":[{"embeddable":true,"href":"https:\/\/www.polishscience.pl\/fr\/wp-json\/wp\/v2\/users\/11"}],"replies":[{"embeddable":true,"href":"https:\/\/www.polishscience.pl\/fr\/wp-json\/wp\/v2\/comments?post=113294"}],"version-history":[{"count":0,"href":"https:\/\/www.polishscience.pl\/fr\/wp-json\/wp\/v2\/posts\/113294\/revisions"}],"wp:attachment":[{"href":"https:\/\/www.polishscience.pl\/fr\/wp-json\/wp\/v2\/media?parent=113294"}],"wp:term":[{"taxonomy":"category","embeddable":true,"href":"https:\/\/www.polishscience.pl\/fr\/wp-json\/wp\/v2\/categories?post=113294"},{"taxonomy":"post_tag","embeddable":true,"href":"https:\/\/www.polishscience.pl\/fr\/wp-json\/wp\/v2\/tags?post=113294"}],"curies":[{"name":"wp","href":"https:\/\/api.w.org\/{rel}","templated":true}]}}