{"id":112781,"date":"2020-01-29T16:37:22","date_gmt":"2020-01-29T15:37:22","guid":{"rendered":"http:\/\/polishscience.pl\/?p=112781"},"modified":"2020-01-29T16:37:22","modified_gmt":"2020-01-29T15:37:22","slug":"luniversite-de-zielona-gora-cooperera-avec-le-parlement-economique-de-lubusz","status":"publish","type":"post","link":"https:\/\/www.polishscience.pl\/fr\/luniversite-de-zielona-gora-cooperera-avec-le-parlement-economique-de-lubusz\/","title":{"rendered":"L&rsquo;Universit\u00e9 de Zielona G\u00f3ra coop\u00e9rera avec le Parlement \u00e9conomique de Lubusz"},"content":{"rendered":"<p><strong>L&rsquo;Universit\u00e9 de Zielona G\u00f3ra coop\u00e9rera avec le Parlement \u00e9conomique de Lubusz. L&rsquo;accord de coop\u00e9ration a \u00e9t\u00e9 sign\u00e9 par le vice-recteur de l&rsquo;universit\u00e9 le Prof. Wojciech Strzy\u017cewski et Marian Babiuch, le Pr\u00e9sident de la Di\u00e8te \u00e9conomique de Lubusz.<\/strong><\/p>\n<p>L&rsquo;objectif de la coop\u00e9ration est, entre autres, de transf\u00e9rer des connaissances et des exp\u00e9riences et de lier l&rsquo;\u00e9conomie au sens large avec la science. La coop\u00e9ration comprendra l&rsquo;\u00e9ducation des \u00e9tudiants et l&rsquo;initiation et la conduite de recherches scientifiques. Les parties s&rsquo;efforceront \u00e9galement de mener des recherches scientifiques et de mettre en \u0153uvre des projets d&rsquo;entrepreneurs en collaboration avec des entreprises universitaires \u2013 le Parc scientifique et technologique, le Centre des \u00e9nergies renouvelables et le Centre d&rsquo;innovation et de mise en \u0153uvre agrotechnique de Lubusz.<\/p>\n<p>L&rsquo;universit\u00e9 et le Parlement, qui est une association d&rsquo;organisations d&rsquo;entreprises, repr\u00e9sente les milieux \u00e9conomiques r\u00e9gionaux et pr\u00e9voit, entre autres, d&rsquo;initier des projets de recherche et de d\u00e9veloppement en liant le potentiel des signataires de l&rsquo;accord et des entit\u00e9s \u00e9conomiques de la vo\u00efvodie de Lubusz &#8211; \u00e0 lire sur le site web de l&rsquo;universit\u00e9.<\/p>\n<p>Pour en savoir plus : <a href=\"https:\/\/www.infoserwis.uz.zgora.pl\/index.php?uniwersytet-zielonogorski-bliej-gospodarki\">https:\/\/www.infoserwis.uz.zgora.pl\/index.php?uniwersytet-zielonogorski-bliej-gospodarki<\/a><\/p>\n","protected":false},"excerpt":{"rendered":"<p>L&rsquo;Universit\u00e9 de Zielona G\u00f3ra coop\u00e9rera avec le Parlement \u00e9conomique de Lubusz. L&rsquo;accord de coop\u00e9ration a \u00e9t\u00e9 sign\u00e9 par le vice-recteur de l&rsquo;universit\u00e9 le Prof. Wojciech Strzy\u017cewski et Marian Babiuch, le Pr\u00e9sident de la Di\u00e8te \u00e9conomique de Lubusz. L&rsquo;objectif de la coop\u00e9ration est, entre autres, de transf\u00e9rer des connaissances et des exp\u00e9riences et de lier l&rsquo;\u00e9conomie [&hellip;]<\/p>\n","protected":false},"author":11,"featured_media":0,"comment_status":"closed","ping_status":"closed","sticky":false,"template":"","format":"standard","meta":[],"categories":[40],"tags":[],"_links":{"self":[{"href":"https:\/\/www.polishscience.pl\/fr\/wp-json\/wp\/v2\/posts\/112781"}],"collection":[{"href":"https:\/\/www.polishscience.pl\/fr\/wp-json\/wp\/v2\/posts"}],"about":[{"href":"https:\/\/www.polishscience.pl\/fr\/wp-json\/wp\/v2\/types\/post"}],"author":[{"embeddable":true,"href":"https:\/\/www.polishscience.pl\/fr\/wp-json\/wp\/v2\/users\/11"}],"replies":[{"embeddable":true,"href":"https:\/\/www.polishscience.pl\/fr\/wp-json\/wp\/v2\/comments?post=112781"}],"version-history":[{"count":0,"href":"https:\/\/www.polishscience.pl\/fr\/wp-json\/wp\/v2\/posts\/112781\/revisions"}],"wp:attachment":[{"href":"https:\/\/www.polishscience.pl\/fr\/wp-json\/wp\/v2\/media?parent=112781"}],"wp:term":[{"taxonomy":"category","embeddable":true,"href":"https:\/\/www.polishscience.pl\/fr\/wp-json\/wp\/v2\/categories?post=112781"},{"taxonomy":"post_tag","embeddable":true,"href":"https:\/\/www.polishscience.pl\/fr\/wp-json\/wp\/v2\/tags?post=112781"}],"curies":[{"name":"wp","href":"https:\/\/api.w.org\/{rel}","templated":true}]}}