{"id":112427,"date":"2020-01-27T16:30:42","date_gmt":"2020-01-27T15:30:42","guid":{"rendered":"http:\/\/polishscience.pl\/?p=112427"},"modified":"2020-01-27T16:30:42","modified_gmt":"2020-01-27T15:30:42","slug":"trois-scientifiques-de-luniversite-de-gdansk-avec-des-bourses-du-programme-bekker","status":"publish","type":"post","link":"https:\/\/www.polishscience.pl\/fr\/trois-scientifiques-de-luniversite-de-gdansk-avec-des-bourses-du-programme-bekker\/","title":{"rendered":"Trois scientifiques de l&rsquo;universit\u00e9 de Gda\u0144sk avec des bourses du programme Bekker"},"content":{"rendered":"<p><strong>Trois scientifiques de l&rsquo;Universit\u00e9 de Gda\u0144sk figuraient parmi les boursiers du programme Bekker organis\u00e9 par l&rsquo;Agence nationale d&rsquo;\u00e9changes universitaires. La bourse couvre les frais de s\u00e9jour des chercheurs dans des centres scientifiques \u00e9trangers de renom &#8211; informe l&rsquo;universit\u00e9.<\/strong><\/p>\n<p>Le docteur d\u2019Etat Tomasz Besta de la Facult\u00e9 des sciences sociales, mettra en \u0153uvre le projet intitule \u00ab\u00a0Les actions collectives normatives et non-normatives : l\u2019identit\u00e9, les \u00e9motions et les dimensions culturelles\u00a0\u00bb \u00e0 l&rsquo;Universit\u00e9 australienne Flinders, le docteur Anna Klimaszewska de la Facult\u00e9 de droit et d&rsquo;administration, se rendra en France, o\u00f9 &#8211; \u00e0 l&rsquo;Universit\u00e9 Paris II Panth\u00e9on Assas &#8211; elle r\u00e9alisera le projet \u00ab\u00a0Pour l&rsquo;histoire europ\u00e9enne du droit commercial n&rsquo;excluant pas la Pologne\u00a0\u00bb et le Dr. Aleksandra Pieczy\u0144ska de la facult\u00e9 de chimie de l&rsquo;universit\u00e9 espagnole de Barcelone, r\u00e9alisera le projet \u00ab\u00a0Les nanostructures de carbone fonctionnalis\u00e9es par TiO2\/carbone m\u00e9tallique ou WO3\/carbone m\u00e9tallique \u2013 la synth\u00e8se et les propri\u00e9t\u00e9s\u00a0\u00bb.<\/p>\n","protected":false},"excerpt":{"rendered":"<p>Trois scientifiques de l&rsquo;Universit\u00e9 de Gda\u0144sk figuraient parmi les boursiers du programme Bekker organis\u00e9 par l&rsquo;Agence nationale d&rsquo;\u00e9changes universitaires. La bourse couvre les frais de s\u00e9jour des chercheurs dans des centres scientifiques \u00e9trangers de renom &#8211; informe l&rsquo;universit\u00e9. Le docteur d\u2019Etat Tomasz Besta de la Facult\u00e9 des sciences sociales, mettra en \u0153uvre le projet intitule [&hellip;]<\/p>\n","protected":false},"author":11,"featured_media":0,"comment_status":"closed","ping_status":"closed","sticky":false,"template":"","format":"standard","meta":[],"categories":[35],"tags":[],"_links":{"self":[{"href":"https:\/\/www.polishscience.pl\/fr\/wp-json\/wp\/v2\/posts\/112427"}],"collection":[{"href":"https:\/\/www.polishscience.pl\/fr\/wp-json\/wp\/v2\/posts"}],"about":[{"href":"https:\/\/www.polishscience.pl\/fr\/wp-json\/wp\/v2\/types\/post"}],"author":[{"embeddable":true,"href":"https:\/\/www.polishscience.pl\/fr\/wp-json\/wp\/v2\/users\/11"}],"replies":[{"embeddable":true,"href":"https:\/\/www.polishscience.pl\/fr\/wp-json\/wp\/v2\/comments?post=112427"}],"version-history":[{"count":0,"href":"https:\/\/www.polishscience.pl\/fr\/wp-json\/wp\/v2\/posts\/112427\/revisions"}],"wp:attachment":[{"href":"https:\/\/www.polishscience.pl\/fr\/wp-json\/wp\/v2\/media?parent=112427"}],"wp:term":[{"taxonomy":"category","embeddable":true,"href":"https:\/\/www.polishscience.pl\/fr\/wp-json\/wp\/v2\/categories?post=112427"},{"taxonomy":"post_tag","embeddable":true,"href":"https:\/\/www.polishscience.pl\/fr\/wp-json\/wp\/v2\/tags?post=112427"}],"curies":[{"name":"wp","href":"https:\/\/api.w.org\/{rel}","templated":true}]}}