{"id":112421,"date":"2020-01-27T15:46:20","date_gmt":"2020-01-27T14:46:20","guid":{"rendered":"http:\/\/polishscience.pl\/?p=112421"},"modified":"2020-01-27T15:46:20","modified_gmt":"2020-01-27T14:46:20","slug":"a-luniversite-de-lodz-une-reunion-dexperts-etrangers-travaillant-sur-le-projet-les-universites-europeennes","status":"publish","type":"post","link":"https:\/\/www.polishscience.pl\/fr\/a-luniversite-de-lodz-une-reunion-dexperts-etrangers-travaillant-sur-le-projet-les-universites-europeennes\/","title":{"rendered":"A l&rsquo;Universit\u00e9 de Lodz, une r\u00e9union d&rsquo;experts \u00e9trangers travaillant sur le projet \u00ab\u00a0Les universit\u00e9s europ\u00e9ennes\u201d"},"content":{"rendered":"<p><strong>Des experts d&rsquo;Allemagne, de France, d&rsquo;Italie, de Gr\u00e8ce et de Pologne se sont r\u00e9unis \u00e0 l&rsquo;universit\u00e9 de Lodz (U\u0141) pour planifier conjointement une strat\u00e9gie de lutte pour rejoindre le r\u00e9seau \u00ab\u00a0Les universit\u00e9s europ\u00e9ennes\u00a0\u00bb. L&rsquo;enjeu est le financement d&rsquo;un grand projet, jusqu&rsquo;\u00e0 cinq millions d&rsquo;euros &#8211; informe le Centre de promotion de l&rsquo;Universit\u00e9 de Lodz.<\/strong><\/p>\n<p>Le 5 f\u00e9vrier, \u00e0 Francfort, les recteurs de cinq universit\u00e9s signeront un contrat \u00e9tablissant un consortium pour se porter candidat au projet \u00ab\u00a0Les universit\u00e9s europ\u00e9ennes\u00a0\u00bb. Le consortium sera compose de : L&rsquo;Universit\u00e9 Goethe de Francfort en tant que coordinateur du projet, l&rsquo;Universit\u00e9 de Lodz, l&rsquo;Universit\u00e9 de Lyon II, l&rsquo;Universit\u00e9 catholique de Milan et l&rsquo;Universit\u00e9 mac\u00e9donienne de Thessalonique. La date limite de d\u00e9p\u00f4t des candidatures est fix\u00e9e au 26 f\u00e9vrier de cette ann\u00e9e. Les r\u00e9sultats seront connus en juin et, en cas de succ\u00e8s, le projet d\u00e9butera en octobre 2020.<\/p>\n<p>La rencontre des partenaires \u00e0 l&rsquo;universit\u00e9 de Lodz est d\u00e9j\u00e0 dans le cadre de la prochaine candidature au concours des universit\u00e9s europ\u00e9ennes, sur lequel une \u00e9quipe internationale de projet travaille depuis plusieurs mois. Si les hypoth\u00e8ses du projet sont accept\u00e9es, l&rsquo;Universit\u00e9 de Lodz entamera un nouveau chapitre de la coop\u00e9ration internationale pour le d\u00e9veloppement de l&rsquo;\u00e9ducation et de la didactique au sens large &#8211; a d\u00e9clar\u00e9 le professeur Pawe\u0142 Starosta, vice-recteur de la coop\u00e9ration nationale et internationale de l&rsquo;Universit\u00e9 de Lodz.<\/p>\n","protected":false},"excerpt":{"rendered":"<p>Des experts d&rsquo;Allemagne, de France, d&rsquo;Italie, de Gr\u00e8ce et de Pologne se sont r\u00e9unis \u00e0 l&rsquo;universit\u00e9 de Lodz (U\u0141) pour planifier conjointement une strat\u00e9gie de lutte pour rejoindre le r\u00e9seau \u00ab\u00a0Les universit\u00e9s europ\u00e9ennes\u00a0\u00bb. L&rsquo;enjeu est le financement d&rsquo;un grand projet, jusqu&rsquo;\u00e0 cinq millions d&rsquo;euros &#8211; informe le Centre de promotion de l&rsquo;Universit\u00e9 de Lodz. Le [&hellip;]<\/p>\n","protected":false},"author":11,"featured_media":0,"comment_status":"closed","ping_status":"closed","sticky":false,"template":"","format":"standard","meta":[],"categories":[35],"tags":[],"_links":{"self":[{"href":"https:\/\/www.polishscience.pl\/fr\/wp-json\/wp\/v2\/posts\/112421"}],"collection":[{"href":"https:\/\/www.polishscience.pl\/fr\/wp-json\/wp\/v2\/posts"}],"about":[{"href":"https:\/\/www.polishscience.pl\/fr\/wp-json\/wp\/v2\/types\/post"}],"author":[{"embeddable":true,"href":"https:\/\/www.polishscience.pl\/fr\/wp-json\/wp\/v2\/users\/11"}],"replies":[{"embeddable":true,"href":"https:\/\/www.polishscience.pl\/fr\/wp-json\/wp\/v2\/comments?post=112421"}],"version-history":[{"count":0,"href":"https:\/\/www.polishscience.pl\/fr\/wp-json\/wp\/v2\/posts\/112421\/revisions"}],"wp:attachment":[{"href":"https:\/\/www.polishscience.pl\/fr\/wp-json\/wp\/v2\/media?parent=112421"}],"wp:term":[{"taxonomy":"category","embeddable":true,"href":"https:\/\/www.polishscience.pl\/fr\/wp-json\/wp\/v2\/categories?post=112421"},{"taxonomy":"post_tag","embeddable":true,"href":"https:\/\/www.polishscience.pl\/fr\/wp-json\/wp\/v2\/tags?post=112421"}],"curies":[{"name":"wp","href":"https:\/\/api.w.org\/{rel}","templated":true}]}}