{"id":112032,"date":"2020-01-23T14:22:15","date_gmt":"2020-01-23T13:22:15","guid":{"rendered":"http:\/\/polishscience.pl\/?p=112032"},"modified":"2020-01-23T14:22:15","modified_gmt":"2020-01-23T13:22:15","slug":"le-ii-forum-academique-et-economique-sur-les-universites-et-les-entreprises-pour-un-developpement-stable-du-pays","status":"publish","type":"post","link":"https:\/\/www.polishscience.pl\/fr\/le-ii-forum-academique-et-economique-sur-les-universites-et-les-entreprises-pour-un-developpement-stable-du-pays\/","title":{"rendered":"Le II Forum acad\u00e9mique et \u00e9conomique sur \u00ab\u00a0Les universit\u00e9s et les entreprises pour un d\u00e9veloppement stable du pays"},"content":{"rendered":"<p><strong>Le 6 f\u00e9vrier 2020, le Centre de gestion de l&rsquo;innovation et du transfert de technologies de la Polytechnique de Varsovie accueillera le 2e Forum acad\u00e9mique et \u00e9conomique \u00ab\u00a0Les universit\u00e9s et les entreprises pour le d\u00e9veloppement durable du pays\u00a0\u00bb.<\/strong><\/p>\n<p>Des experts de haut niveau, des repr\u00e9sentants de l&rsquo;environnement de la recherche et du d\u00e9veloppement, des universit\u00e9s polonaises de premier plan, de l&rsquo;administration publique et des entreprises participeront \u00e0 cet \u00e9v\u00e9nement.<\/p>\n<p>Les participants au forum se pencheront sur les premi\u00e8res exp\u00e9riences des conseils universitaires qui fonctionnent depuis plus de six mois et sur leurs programmes d&rsquo;activit\u00e9s. Ils discuteront des comp\u00e9tences attendues des dipl\u00f4m\u00e9s universitaires, en accordant une attention particuli\u00e8re aux r\u00e9sultats des conseils de comp\u00e9tences sectoriels. Ils aborderont \u00e9galement la question du financement public et priv\u00e9 de la coop\u00e9ration entre les universit\u00e9s et les entreprises.<\/p>\n<p>Le 2\u00e8me Forum Acad\u00e9mique et Economique s&rsquo;est tenu sous le haut patronage du Ministre des Sciences et de l&rsquo;Enseignement Sup\u00e9rieur, du Ministre du D\u00e9veloppement et du Ministre des Fonds et de la Politique R\u00e9gionale.<\/p>\n","protected":false},"excerpt":{"rendered":"<p>Le 6 f\u00e9vrier 2020, le Centre de gestion de l&rsquo;innovation et du transfert de technologies de la Polytechnique de Varsovie accueillera le 2e Forum acad\u00e9mique et \u00e9conomique \u00ab\u00a0Les universit\u00e9s et les entreprises pour le d\u00e9veloppement durable du pays\u00a0\u00bb. Des experts de haut niveau, des repr\u00e9sentants de l&rsquo;environnement de la recherche et du d\u00e9veloppement, des universit\u00e9s [&hellip;]<\/p>\n","protected":false},"author":11,"featured_media":0,"comment_status":"closed","ping_status":"closed","sticky":false,"template":"","format":"standard","meta":[],"categories":[40,41],"tags":[],"_links":{"self":[{"href":"https:\/\/www.polishscience.pl\/fr\/wp-json\/wp\/v2\/posts\/112032"}],"collection":[{"href":"https:\/\/www.polishscience.pl\/fr\/wp-json\/wp\/v2\/posts"}],"about":[{"href":"https:\/\/www.polishscience.pl\/fr\/wp-json\/wp\/v2\/types\/post"}],"author":[{"embeddable":true,"href":"https:\/\/www.polishscience.pl\/fr\/wp-json\/wp\/v2\/users\/11"}],"replies":[{"embeddable":true,"href":"https:\/\/www.polishscience.pl\/fr\/wp-json\/wp\/v2\/comments?post=112032"}],"version-history":[{"count":0,"href":"https:\/\/www.polishscience.pl\/fr\/wp-json\/wp\/v2\/posts\/112032\/revisions"}],"wp:attachment":[{"href":"https:\/\/www.polishscience.pl\/fr\/wp-json\/wp\/v2\/media?parent=112032"}],"wp:term":[{"taxonomy":"category","embeddable":true,"href":"https:\/\/www.polishscience.pl\/fr\/wp-json\/wp\/v2\/categories?post=112032"},{"taxonomy":"post_tag","embeddable":true,"href":"https:\/\/www.polishscience.pl\/fr\/wp-json\/wp\/v2\/tags?post=112032"}],"curies":[{"name":"wp","href":"https:\/\/api.w.org\/{rel}","templated":true}]}}