{"id":111658,"date":"2020-01-21T16:26:30","date_gmt":"2020-01-21T15:26:30","guid":{"rendered":"http:\/\/polishscience.pl\/?p=111658"},"modified":"2020-01-21T16:26:30","modified_gmt":"2020-01-21T15:26:30","slug":"le-lancement-du-projet-pilote-du-ministere-du-developpement-et-du-ministere-de-leducation-nationale-une-ecole-pour-un-innovateur","status":"publish","type":"post","link":"https:\/\/www.polishscience.pl\/fr\/le-lancement-du-projet-pilote-du-ministere-du-developpement-et-du-ministere-de-leducation-nationale-une-ecole-pour-un-innovateur\/","title":{"rendered":"Le lancement du projet pilote du minist\u00e8re du d\u00e9veloppement et du minist\u00e8re de l&rsquo;\u00e9ducation nationale \u00ab\u00a0Une \u00e9cole pour un innovateur\u00a0\u00bb"},"content":{"rendered":"<p><strong>Le projet pilote \u00ab\u00a0Une \u00e9cole pour un innovateur\u00a0\u00bb d\u00e9butera en f\u00e9vrier. Dans 20 \u00e9coles s\u00e9lectionn\u00e9es, des solutions seront \u00e9labor\u00e9es pour fa\u00e7onner et d\u00e9velopper les comp\u00e9tences pro-innovation chez les enfants. Le projet pilote aboutira \u00e0 des recommandations concernant les comp\u00e9tences pro-innovation pour l&rsquo;ensemble du syst\u00e8me \u00e9ducatif &#8211; informe le minist\u00e8re du d\u00e9veloppement.<\/strong><\/p>\n<p>Dans chaque \u00e9cole, des experts travailleront avec une septi\u00e8me classe, ses enseignants et sa direction. Le soutien re\u00e7u dans le cadre du projet permettra de r\u00e9aliser un programme intensif de d\u00e9veloppement de comp\u00e9tences pro-innovation, qui pourra \u00eatre \u00e9tendu ult\u00e9rieurement aux classes suivantes.<\/p>\n<p>&#8211; Si nous voulons cr\u00e9er une grande culture de l&rsquo;innovation en Pologne, la mani\u00e8re de le faire commence d\u00e9j\u00e0 au stade de l&rsquo;\u00e9cole primaire, car c&rsquo;est l\u00e0 que les enfants doivent se rencontrer avec une approche ouverte \u00e0 la pens\u00e9e cr\u00e9ative et innovante. C&rsquo;est pourquoi, dans le cadre d&rsquo;un processus ouvert, nous avons choisi des \u00e9coles qui deviendront un laboratoire d&rsquo;enseignement moderne \u2013 a d\u00e9clar\u00e9 le ministre du d\u00e9veloppement Jadwiga Emilewicz.<\/p>\n","protected":false},"excerpt":{"rendered":"<p>Le projet pilote \u00ab\u00a0Une \u00e9cole pour un innovateur\u00a0\u00bb d\u00e9butera en f\u00e9vrier. Dans 20 \u00e9coles s\u00e9lectionn\u00e9es, des solutions seront \u00e9labor\u00e9es pour fa\u00e7onner et d\u00e9velopper les comp\u00e9tences pro-innovation chez les enfants. Le projet pilote aboutira \u00e0 des recommandations concernant les comp\u00e9tences pro-innovation pour l&rsquo;ensemble du syst\u00e8me \u00e9ducatif &#8211; informe le minist\u00e8re du d\u00e9veloppement. Dans chaque \u00e9cole, des [&hellip;]<\/p>\n","protected":false},"author":11,"featured_media":0,"comment_status":"closed","ping_status":"closed","sticky":false,"template":"","format":"standard","meta":[],"categories":[38],"tags":[],"_links":{"self":[{"href":"https:\/\/www.polishscience.pl\/fr\/wp-json\/wp\/v2\/posts\/111658"}],"collection":[{"href":"https:\/\/www.polishscience.pl\/fr\/wp-json\/wp\/v2\/posts"}],"about":[{"href":"https:\/\/www.polishscience.pl\/fr\/wp-json\/wp\/v2\/types\/post"}],"author":[{"embeddable":true,"href":"https:\/\/www.polishscience.pl\/fr\/wp-json\/wp\/v2\/users\/11"}],"replies":[{"embeddable":true,"href":"https:\/\/www.polishscience.pl\/fr\/wp-json\/wp\/v2\/comments?post=111658"}],"version-history":[{"count":0,"href":"https:\/\/www.polishscience.pl\/fr\/wp-json\/wp\/v2\/posts\/111658\/revisions"}],"wp:attachment":[{"href":"https:\/\/www.polishscience.pl\/fr\/wp-json\/wp\/v2\/media?parent=111658"}],"wp:term":[{"taxonomy":"category","embeddable":true,"href":"https:\/\/www.polishscience.pl\/fr\/wp-json\/wp\/v2\/categories?post=111658"},{"taxonomy":"post_tag","embeddable":true,"href":"https:\/\/www.polishscience.pl\/fr\/wp-json\/wp\/v2\/tags?post=111658"}],"curies":[{"name":"wp","href":"https:\/\/api.w.org\/{rel}","templated":true}]}}