{"id":110958,"date":"2020-01-16T14:55:38","date_gmt":"2020-01-16T13:55:38","guid":{"rendered":"http:\/\/polishscience.pl\/?p=110958"},"modified":"2020-01-16T14:55:38","modified_gmt":"2020-01-16T13:55:38","slug":"lassociation-de-la-legion-academique-aura-un-patron","status":"publish","type":"post","link":"https:\/\/www.polishscience.pl\/fr\/lassociation-de-la-legion-academique-aura-un-patron\/","title":{"rendered":"L&rsquo;Association de la L\u00e9gion Acad\u00e9mique  aura un patron"},"content":{"rendered":"<p><strong>Le 18 janvier 2020, l&rsquo;Universit\u00e9 Maria Curie-Sk\u0142odowska (UMCS) invite \u00e0 la c\u00e9r\u00e9monie de bapt\u00eame de l&rsquo;association L\u00e9gion Acad\u00e9mique (Legia Akademicka) en l&rsquo;honneur du g\u00e9n\u00e9ral Karol Ziemski.<\/strong><\/p>\n<p>Legia Akademicka est une association pro-d\u00e9fense, qui op\u00e8re depuis 2013 dans les r\u00e9gions de Lublin et des Basses-Carpates. Elle coop\u00e8re \u00e9troitement avec l&rsquo;Universit\u00e9 Maria Curie-Sk\u0142odowska et s&rsquo;inscrit \u00e9galement dans la tradition du mouvement b\u00e9n\u00e9vole pour la formation des \u00e9tudiants de la Legia Akademicka et du 36e R\u00e9giment d&rsquo;infanterie de la L\u00e9gion acad\u00e9mique.<\/p>\n<p>La L\u00e9gion Acad\u00e9mique a sa division de terrain \u00e0 l&rsquo;Universit\u00e9 Maria Curie-Sk\u0142odowska. L&rsquo;Association apporte un soutien \u00e9ducatif et repr\u00e9sentatif \u00e0 l&rsquo;Universit\u00e9 \u00e0 travers diverses formes d&rsquo;activit\u00e9s, telles que : la conduite de formations pour les \u00e9tudiants, l&rsquo;exposition de compagnies d&rsquo;honneur lors de c\u00e9r\u00e9monies, l&rsquo;assistance honorifique, les d\u00e9monstrations et la co-organisation d&rsquo;\u00e9v\u00e9nements de diff\u00e9rents profils.<\/p>\n<p>Au cours de la c\u00e9r\u00e9monie, les membres de l&rsquo;Association Legia Akademicka recevront des prix de la Vo\u00efvodie de Lublin.<\/p>\n","protected":false},"excerpt":{"rendered":"<p>Le 18 janvier 2020, l&rsquo;Universit\u00e9 Maria Curie-Sk\u0142odowska (UMCS) invite \u00e0 la c\u00e9r\u00e9monie de bapt\u00eame de l&rsquo;association L\u00e9gion Acad\u00e9mique (Legia Akademicka) en l&rsquo;honneur du g\u00e9n\u00e9ral Karol Ziemski. Legia Akademicka est une association pro-d\u00e9fense, qui op\u00e8re depuis 2013 dans les r\u00e9gions de Lublin et des Basses-Carpates. Elle coop\u00e8re \u00e9troitement avec l&rsquo;Universit\u00e9 Maria Curie-Sk\u0142odowska et s&rsquo;inscrit \u00e9galement dans [&hellip;]<\/p>\n","protected":false},"author":11,"featured_media":0,"comment_status":"closed","ping_status":"closed","sticky":false,"template":"","format":"standard","meta":[],"categories":[41],"tags":[],"_links":{"self":[{"href":"https:\/\/www.polishscience.pl\/fr\/wp-json\/wp\/v2\/posts\/110958"}],"collection":[{"href":"https:\/\/www.polishscience.pl\/fr\/wp-json\/wp\/v2\/posts"}],"about":[{"href":"https:\/\/www.polishscience.pl\/fr\/wp-json\/wp\/v2\/types\/post"}],"author":[{"embeddable":true,"href":"https:\/\/www.polishscience.pl\/fr\/wp-json\/wp\/v2\/users\/11"}],"replies":[{"embeddable":true,"href":"https:\/\/www.polishscience.pl\/fr\/wp-json\/wp\/v2\/comments?post=110958"}],"version-history":[{"count":0,"href":"https:\/\/www.polishscience.pl\/fr\/wp-json\/wp\/v2\/posts\/110958\/revisions"}],"wp:attachment":[{"href":"https:\/\/www.polishscience.pl\/fr\/wp-json\/wp\/v2\/media?parent=110958"}],"wp:term":[{"taxonomy":"category","embeddable":true,"href":"https:\/\/www.polishscience.pl\/fr\/wp-json\/wp\/v2\/categories?post=110958"},{"taxonomy":"post_tag","embeddable":true,"href":"https:\/\/www.polishscience.pl\/fr\/wp-json\/wp\/v2\/tags?post=110958"}],"curies":[{"name":"wp","href":"https:\/\/api.w.org\/{rel}","templated":true}]}}