{"id":110718,"date":"2020-01-15T22:05:57","date_gmt":"2020-01-15T21:05:57","guid":{"rendered":"http:\/\/polishscience.pl\/?p=110718"},"modified":"2020-01-15T22:05:57","modified_gmt":"2020-01-15T21:05:57","slug":"sur-limage-de-larmee-polonaise-dans-la-culture-pop-et-les-medias-a-luniversite-de-wroclaw","status":"publish","type":"post","link":"https:\/\/www.polishscience.pl\/fr\/sur-limage-de-larmee-polonaise-dans-la-culture-pop-et-les-medias-a-luniversite-de-wroclaw\/","title":{"rendered":"Sur l&rsquo;image de l&rsquo;arm\u00e9e polonaise dans la culture pop et les m\u00e9dias \u00e0 l&rsquo;Universit\u00e9 de Wroc\u0142aw"},"content":{"rendered":"<p><strong>Le D\u00e9partement des \u00e9tudes de s\u00e9curit\u00e9 et le D\u00e9partement de la communication de l&rsquo;Institut international d&rsquo;\u00e9tudes internationales de l&rsquo;Universit\u00e9 de Wroclaw invitent \u00e0 participer au panel \u00a0\u00bb L\u2019arm\u00e9e polonaise : l&rsquo;image dans la culture populaire et les m\u00e9dias \u00a0\u00bb le 16 janvier.<\/strong><\/p>\n<p>Le but de l&rsquo;entreprise est d&rsquo;analyser l&rsquo;image m\u00e9diatique et de la culture populaire des Forces arm\u00e9es et les moyens de construire l&rsquo;image et la promotion de l&rsquo;arm\u00e9e du point de vue des scientifiques, des journalistes, des photojournalistes et d&rsquo;autres sp\u00e9cialistes &#8211; informent les organisateurs.<\/p>\n<p>Au cours de la table ronde, il est pr\u00e9vu de discuter en d\u00e9tail du projet photographique \u00a0\u00bb Le 100e anniversaire de l&rsquo;aviation \u00a0\u00bb r\u00e9alis\u00e9 en 2017-2018, dans le cadre duquel une s\u00e9rie de s\u00e9ances de photos a\u00e9riennes a \u00e9t\u00e9 organis\u00e9e avec l&rsquo;intention de cr\u00e9er du mat\u00e9riel photographique pour une large promotion de la Pologne, de l&rsquo;arm\u00e9e polonaise et de l&rsquo;aviation polonaise. Le r\u00e9sultat de ce projet, outre les albums photos, a \u00e9t\u00e9 plusieurs dizaines de publications dans des journaux sp\u00e9cialis\u00e9s et populaires.<\/p>\n<p>Pour en savoir plus : <a href=\"https:\/\/uni.wroc.pl\/wojsko-polskie-wizerunek-w-kulturze-popularnej-i-mediach\/\">https:\/\/uni.wroc.pl\/wojsko-polskie-wizerunek-w-kulturze-popularnej-i-mediach\/<\/a><\/p>\n","protected":false},"excerpt":{"rendered":"<p>Le D\u00e9partement des \u00e9tudes de s\u00e9curit\u00e9 et le D\u00e9partement de la communication de l&rsquo;Institut international d&rsquo;\u00e9tudes internationales de l&rsquo;Universit\u00e9 de Wroclaw invitent \u00e0 participer au panel \u00a0\u00bb L\u2019arm\u00e9e polonaise : l&rsquo;image dans la culture populaire et les m\u00e9dias \u00a0\u00bb le 16 janvier. Le but de l&rsquo;entreprise est d&rsquo;analyser l&rsquo;image m\u00e9diatique et de la culture populaire [&hellip;]<\/p>\n","protected":false},"author":11,"featured_media":0,"comment_status":"closed","ping_status":"closed","sticky":false,"template":"","format":"standard","meta":[],"categories":[41],"tags":[],"_links":{"self":[{"href":"https:\/\/www.polishscience.pl\/fr\/wp-json\/wp\/v2\/posts\/110718"}],"collection":[{"href":"https:\/\/www.polishscience.pl\/fr\/wp-json\/wp\/v2\/posts"}],"about":[{"href":"https:\/\/www.polishscience.pl\/fr\/wp-json\/wp\/v2\/types\/post"}],"author":[{"embeddable":true,"href":"https:\/\/www.polishscience.pl\/fr\/wp-json\/wp\/v2\/users\/11"}],"replies":[{"embeddable":true,"href":"https:\/\/www.polishscience.pl\/fr\/wp-json\/wp\/v2\/comments?post=110718"}],"version-history":[{"count":0,"href":"https:\/\/www.polishscience.pl\/fr\/wp-json\/wp\/v2\/posts\/110718\/revisions"}],"wp:attachment":[{"href":"https:\/\/www.polishscience.pl\/fr\/wp-json\/wp\/v2\/media?parent=110718"}],"wp:term":[{"taxonomy":"category","embeddable":true,"href":"https:\/\/www.polishscience.pl\/fr\/wp-json\/wp\/v2\/categories?post=110718"},{"taxonomy":"post_tag","embeddable":true,"href":"https:\/\/www.polishscience.pl\/fr\/wp-json\/wp\/v2\/tags?post=110718"}],"curies":[{"name":"wp","href":"https:\/\/api.w.org\/{rel}","templated":true}]}}