{"id":110526,"date":"2020-01-14T13:20:09","date_gmt":"2020-01-14T12:20:09","guid":{"rendered":"http:\/\/polishscience.pl\/?p=110526"},"modified":"2020-01-14T13:20:09","modified_gmt":"2020-01-14T12:20:09","slug":"larcheveque-stanislaw-budzik-est-docteur-honoris-causa-de-luniversite-des-sciences-de-la-vie-de-lublin","status":"publish","type":"post","link":"https:\/\/www.polishscience.pl\/fr\/larcheveque-stanislaw-budzik-est-docteur-honoris-causa-de-luniversite-des-sciences-de-la-vie-de-lublin\/","title":{"rendered":"L&rsquo;archev\u00eaque Stanis\u0142aw Budzik est docteur honoris causa de l&rsquo;Universit\u00e9 des sciences de la vie de Lublin"},"content":{"rendered":"<p><strong>L&rsquo;archev\u00eaque Stanis\u0142aw Budzik, archev\u00eaque m\u00e9tropolitain de Lublin, recevra un doctorat honoris causa de l&rsquo;Universit\u00e9 des sciences de la vie (UP) de Lublin. La c\u00e9r\u00e9monie aura lieu le 23 janvier.<\/strong><\/p>\n<p>Ce prix prestigieux sera d\u00e9cern\u00e9 en reconnaissance des m\u00e9rites de Mgr Budzik en tant qu&rsquo;\u00e9minent chercheur de renomm\u00e9e europ\u00e9enne, organisateur de la vie religieuse dans la r\u00e9gion de Lublin et en Pologne &#8211; lit-on dans la r\u00e9solution du S\u00e9nat de l&rsquo;Universit\u00e9.<\/p>\n<p>Les autorit\u00e9s de l&rsquo;Acad\u00e9mie polonaise des Sciences veulent souligner de cette mani\u00e8re aussi la poursuite par le M\u00e9tropolite des activit\u00e9s de ses pr\u00e9d\u00e9cesseurs dans le domaine du \u00a0\u00bb dialogue entre l&rsquo;Eglise et les repr\u00e9sentants du monde de la culture et de son minist\u00e8re pastoral aupr\u00e8s de la communaut\u00e9 acad\u00e9mique \u00ab\u00a0.<\/p>\n<p>L&rsquo;archev\u00eaque Stanis\u0142aw Budzik est dipl\u00f4m\u00e9 de l&rsquo;Universit\u00e9 catholique de Lublin (KUL), o\u00f9 il a obtenu sa ma\u00eetrise en th\u00e9ologie en 1977. A l&rsquo;Universit\u00e9 catholique de Lublin, il est actuellement Grand Chancelier. Il a soutenu sa th\u00e8se de doctorat \u00e0 l&rsquo;Universit\u00e9 d&rsquo;Innsbruck et a obtenu son habilitation \u00e0 l&rsquo;Acad\u00e9mie Pontificale de Th\u00e9ologie de Cracovie, o\u00f9 il a \u00e9t\u00e9 nomm\u00e9 professeur en 2002. Il est le m\u00e9tropolitain de Lublin depuis 2011.<\/p>\n","protected":false},"excerpt":{"rendered":"<p>L&rsquo;archev\u00eaque Stanis\u0142aw Budzik, archev\u00eaque m\u00e9tropolitain de Lublin, recevra un doctorat honoris causa de l&rsquo;Universit\u00e9 des sciences de la vie (UP) de Lublin. La c\u00e9r\u00e9monie aura lieu le 23 janvier. Ce prix prestigieux sera d\u00e9cern\u00e9 en reconnaissance des m\u00e9rites de Mgr Budzik en tant qu&rsquo;\u00e9minent chercheur de renomm\u00e9e europ\u00e9enne, organisateur de la vie religieuse dans la [&hellip;]<\/p>\n","protected":false},"author":11,"featured_media":0,"comment_status":"closed","ping_status":"closed","sticky":false,"template":"","format":"standard","meta":[],"categories":[35],"tags":[],"_links":{"self":[{"href":"https:\/\/www.polishscience.pl\/fr\/wp-json\/wp\/v2\/posts\/110526"}],"collection":[{"href":"https:\/\/www.polishscience.pl\/fr\/wp-json\/wp\/v2\/posts"}],"about":[{"href":"https:\/\/www.polishscience.pl\/fr\/wp-json\/wp\/v2\/types\/post"}],"author":[{"embeddable":true,"href":"https:\/\/www.polishscience.pl\/fr\/wp-json\/wp\/v2\/users\/11"}],"replies":[{"embeddable":true,"href":"https:\/\/www.polishscience.pl\/fr\/wp-json\/wp\/v2\/comments?post=110526"}],"version-history":[{"count":0,"href":"https:\/\/www.polishscience.pl\/fr\/wp-json\/wp\/v2\/posts\/110526\/revisions"}],"wp:attachment":[{"href":"https:\/\/www.polishscience.pl\/fr\/wp-json\/wp\/v2\/media?parent=110526"}],"wp:term":[{"taxonomy":"category","embeddable":true,"href":"https:\/\/www.polishscience.pl\/fr\/wp-json\/wp\/v2\/categories?post=110526"},{"taxonomy":"post_tag","embeddable":true,"href":"https:\/\/www.polishscience.pl\/fr\/wp-json\/wp\/v2\/tags?post=110526"}],"curies":[{"name":"wp","href":"https:\/\/api.w.org\/{rel}","templated":true}]}}