{"id":110524,"date":"2020-01-14T12:11:58","date_gmt":"2020-01-14T11:11:58","guid":{"rendered":"http:\/\/polishscience.pl\/?p=110524"},"modified":"2020-01-14T12:11:58","modified_gmt":"2020-01-14T11:11:58","slug":"la-celebration-de-la-journee-mondiale-de-la-logique-a-luniversite-de-varsovie","status":"publish","type":"post","link":"https:\/\/www.polishscience.pl\/fr\/la-celebration-de-la-journee-mondiale-de-la-logique-a-luniversite-de-varsovie\/","title":{"rendered":"La c\u00e9l\u00e9bration de la Journ\u00e9e Mondiale de la Logique \u00e0 l&rsquo;Universit\u00e9 de Varsovie"},"content":{"rendered":"<p><strong>Le 14 janvier est la Journ\u00e9e mondiale de la logique. A cette occasion, l&rsquo;Universit\u00e9 de Varsovie (UW) organisera un d\u00e9bat intitul\u00e9 \u00ab\u00a0Pourquoi avons-nous besoin de logique\u00a0\u00bb.<\/strong><\/p>\n<p>La rencontre sur le sens du d\u00e9veloppement de cette discipline, les applications de la logique, ainsi que la division en logique dite meilleure et pire aura lieu le 14 janvier \u00e0 l&rsquo;Institut de philosophie de l&rsquo;Universit\u00e9 de Varsovie. La discussion sera suivie par les employ\u00e9s de l&rsquo;Institut de philosophie et de la Facult\u00e9 des \u00e9tudes polonaises &#8211; informe l&rsquo;Universit\u00e9 de Varsovie.<\/p>\n<p>La Journ\u00e9e Mondiale de la Logique a \u00e9t\u00e9 initi\u00e9e par le Professeur Jean-Yves Beziau. Cet \u00e9v\u00e9nement international est c\u00e9l\u00e9br\u00e9 le jour de l&rsquo;anniversaire d&rsquo;Alfred Tarski et de la mort de Kurt G\u00f6del, des scientifiques consid\u00e9r\u00e9s comme l&rsquo;une des logiques les plus importantes au monde. La Journ\u00e9e mondiale de la logique vise \u00e0 promouvoir la logique et \u00e0 renforcer la coop\u00e9ration entre les scientifiques int\u00e9ress\u00e9s par cette discipline. L&rsquo;initiative est plac\u00e9e sous le patronage de l&rsquo;UNESCO.<\/p>\n","protected":false},"excerpt":{"rendered":"<p>Le 14 janvier est la Journ\u00e9e mondiale de la logique. A cette occasion, l&rsquo;Universit\u00e9 de Varsovie (UW) organisera un d\u00e9bat intitul\u00e9 \u00ab\u00a0Pourquoi avons-nous besoin de logique\u00a0\u00bb. La rencontre sur le sens du d\u00e9veloppement de cette discipline, les applications de la logique, ainsi que la division en logique dite meilleure et pire aura lieu le 14 [&hellip;]<\/p>\n","protected":false},"author":11,"featured_media":0,"comment_status":"closed","ping_status":"closed","sticky":false,"template":"","format":"standard","meta":[],"categories":[41],"tags":[],"_links":{"self":[{"href":"https:\/\/www.polishscience.pl\/fr\/wp-json\/wp\/v2\/posts\/110524"}],"collection":[{"href":"https:\/\/www.polishscience.pl\/fr\/wp-json\/wp\/v2\/posts"}],"about":[{"href":"https:\/\/www.polishscience.pl\/fr\/wp-json\/wp\/v2\/types\/post"}],"author":[{"embeddable":true,"href":"https:\/\/www.polishscience.pl\/fr\/wp-json\/wp\/v2\/users\/11"}],"replies":[{"embeddable":true,"href":"https:\/\/www.polishscience.pl\/fr\/wp-json\/wp\/v2\/comments?post=110524"}],"version-history":[{"count":0,"href":"https:\/\/www.polishscience.pl\/fr\/wp-json\/wp\/v2\/posts\/110524\/revisions"}],"wp:attachment":[{"href":"https:\/\/www.polishscience.pl\/fr\/wp-json\/wp\/v2\/media?parent=110524"}],"wp:term":[{"taxonomy":"category","embeddable":true,"href":"https:\/\/www.polishscience.pl\/fr\/wp-json\/wp\/v2\/categories?post=110524"},{"taxonomy":"post_tag","embeddable":true,"href":"https:\/\/www.polishscience.pl\/fr\/wp-json\/wp\/v2\/tags?post=110524"}],"curies":[{"name":"wp","href":"https:\/\/api.w.org\/{rel}","templated":true}]}}