{"id":110020,"date":"2020-01-10T11:54:11","date_gmt":"2020-01-10T10:54:11","guid":{"rendered":"http:\/\/polishscience.pl\/?p=110020"},"modified":"2020-01-10T11:54:29","modified_gmt":"2020-01-10T10:54:29","slug":"la-conference-des-jeunes-scientifiques-intitulee-la-tempete-intellectuelle-biomedicale-inspirante-a-varsovie","status":"publish","type":"post","link":"https:\/\/www.polishscience.pl\/fr\/la-conference-des-jeunes-scientifiques-intitulee-la-tempete-intellectuelle-biomedicale-inspirante-a-varsovie\/","title":{"rendered":"La conference des Jeunes Scientifiques intitul\u00e9e \u00ab\u00a0La temp\u00eate intellectuelle biom\u00e9dicale inspirante\u00a0\u00bb \u00e0 Varsovie"},"content":{"rendered":"<p><strong>D&rsquo;ici la fin janvier 2020, il est possible de demander \u00e0 participer \u00e0 la 1\u00e8re Conf\u00e9rence Nationale des Jeunes Scientifiques \u00ab\u00a0La temp\u00eate intellectuelle biom\u00e9dicale inspirante\u00a0\u00bb. L&rsquo;\u00e9v\u00e9nement aura lieu le 8 mai \u00e0 l&rsquo;Institut de Biocybern\u00e9tique et de G\u00e9nie Biom\u00e9dical (IBIP) de l&rsquo;Acad\u00e9mie Polonaise des Sciences (PAN) \u00e0 Varsovie.<\/strong><\/p>\n<p>La conf\u00e9rence, organis\u00e9e par le gouvernement local des doctorants du BIIB PAS, est l&rsquo;occasion de pr\u00e9senter leurs id\u00e9es et les r\u00e9sultats de leurs recherches et d&rsquo;\u00e9changer des points de vue et des exp\u00e9riences entre les \u00e9tudiants et les doctorants du domaine des sciences biom\u00e9dicales.<\/p>\n<p>Le champ th\u00e9matique &#8211; comme l&rsquo;informent les organisateurs &#8211; comprend entre autres : les biomat\u00e9riaux dans l&rsquo;ing\u00e9nierie tissulaire et l&rsquo;implantologie, la biom\u00e9canique, les biosyst\u00e8mes, l&rsquo;imagerie m\u00e9dicale, l&rsquo;optique biom\u00e9dicale, la mod\u00e9lisation math\u00e9matique des processus biom\u00e9dicaux, la bioinformatique.<\/p>\n<p>Lors de la premi\u00e8re \u00e9dition de l&rsquo;\u00e9v\u00e9nement, outre le panel de discussion, il sera possible de participer \u00e0 des ateliers organis\u00e9s dans les laboratoires de recherche de l&rsquo;Institut.<\/p>\n","protected":false},"excerpt":{"rendered":"<p>D&rsquo;ici la fin janvier 2020, il est possible de demander \u00e0 participer \u00e0 la 1\u00e8re Conf\u00e9rence Nationale des Jeunes Scientifiques \u00ab\u00a0La temp\u00eate intellectuelle biom\u00e9dicale inspirante\u00a0\u00bb. L&rsquo;\u00e9v\u00e9nement aura lieu le 8 mai \u00e0 l&rsquo;Institut de Biocybern\u00e9tique et de G\u00e9nie Biom\u00e9dical (IBIP) de l&rsquo;Acad\u00e9mie Polonaise des Sciences (PAN) \u00e0 Varsovie. La conf\u00e9rence, organis\u00e9e par le gouvernement local [&hellip;]<\/p>\n","protected":false},"author":11,"featured_media":0,"comment_status":"closed","ping_status":"closed","sticky":false,"template":"","format":"standard","meta":[],"categories":[41,39],"tags":[],"_links":{"self":[{"href":"https:\/\/www.polishscience.pl\/fr\/wp-json\/wp\/v2\/posts\/110020"}],"collection":[{"href":"https:\/\/www.polishscience.pl\/fr\/wp-json\/wp\/v2\/posts"}],"about":[{"href":"https:\/\/www.polishscience.pl\/fr\/wp-json\/wp\/v2\/types\/post"}],"author":[{"embeddable":true,"href":"https:\/\/www.polishscience.pl\/fr\/wp-json\/wp\/v2\/users\/11"}],"replies":[{"embeddable":true,"href":"https:\/\/www.polishscience.pl\/fr\/wp-json\/wp\/v2\/comments?post=110020"}],"version-history":[{"count":0,"href":"https:\/\/www.polishscience.pl\/fr\/wp-json\/wp\/v2\/posts\/110020\/revisions"}],"wp:attachment":[{"href":"https:\/\/www.polishscience.pl\/fr\/wp-json\/wp\/v2\/media?parent=110020"}],"wp:term":[{"taxonomy":"category","embeddable":true,"href":"https:\/\/www.polishscience.pl\/fr\/wp-json\/wp\/v2\/categories?post=110020"},{"taxonomy":"post_tag","embeddable":true,"href":"https:\/\/www.polishscience.pl\/fr\/wp-json\/wp\/v2\/tags?post=110020"}],"curies":[{"name":"wp","href":"https:\/\/api.w.org\/{rel}","templated":true}]}}