{"id":109374,"date":"2020-01-07T14:09:47","date_gmt":"2020-01-07T13:09:47","guid":{"rendered":"http:\/\/polishscience.pl\/?p=109374"},"modified":"2020-01-07T14:50:03","modified_gmt":"2020-01-07T13:50:03","slug":"des-etudiants-prevoient-de-mener-des-experiences-dans-lespace-a-rzeszow","status":"publish","type":"post","link":"https:\/\/www.polishscience.pl\/fr\/des-etudiants-prevoient-de-mener-des-experiences-dans-lespace-a-rzeszow\/","title":{"rendered":"Des \u00e9tudiants pr\u00e9voient de mener des exp\u00e9riences dans l&rsquo;espace \u00e0 Rzesz\u00f3w"},"content":{"rendered":"<p><strong>Au si\u00e8ge du Centre d&rsquo;innovation des Basses-Carpates (PCI) \u00e0 Rzesz\u00f3w, le projet \u00e9tudiant ProtoCreativeLab a \u00e9t\u00e9 lanc\u00e9 : Espace &amp; Aviation. Il suppose la cr\u00e9ation d&rsquo;un cercle scientifique interdisciplinaire de cosmonautique PCI, qui m\u00e8nera des exp\u00e9riences dans l&rsquo;espace \u00e0 l&rsquo;aide de nanosatellites.<\/strong><\/p>\n<p>Les exp\u00e9riences doivent comprendre la mesure du rayonnement pendant le vol, l&rsquo;utilisation de cellules de graph\u00e8ne pour produire de l&rsquo;\u00e9lectricit\u00e9 en orbite, des exp\u00e9riences biom\u00e9dicales (bact\u00e9ries ou plantes).<\/p>\n<p>Le ProtoCreativeLab : Espace &amp; Aviation\u00a0\u00bb suppose que dans 3-4 ans, 3 nanosatellites seront lanc\u00e9s, \u00e0 bord desquels des exp\u00e9riences seront men\u00e9es en continu et leurs r\u00e9sultats seront trait\u00e9s pour d\u00e9velopper de nouvelles comp\u00e9tences chez les participants au projet.<\/p>\n","protected":false},"excerpt":{"rendered":"<p>Au si\u00e8ge du Centre d&rsquo;innovation des Basses-Carpates (PCI) \u00e0 Rzesz\u00f3w, le projet \u00e9tudiant ProtoCreativeLab a \u00e9t\u00e9 lanc\u00e9 : Espace &amp; Aviation. Il suppose la cr\u00e9ation d&rsquo;un cercle scientifique interdisciplinaire de cosmonautique PCI, qui m\u00e8nera des exp\u00e9riences dans l&rsquo;espace \u00e0 l&rsquo;aide de nanosatellites. Les exp\u00e9riences doivent comprendre la mesure du rayonnement pendant le vol, l&rsquo;utilisation de [&hellip;]<\/p>\n","protected":false},"author":11,"featured_media":0,"comment_status":"closed","ping_status":"closed","sticky":false,"template":"","format":"standard","meta":[],"categories":[38,34],"tags":[],"_links":{"self":[{"href":"https:\/\/www.polishscience.pl\/fr\/wp-json\/wp\/v2\/posts\/109374"}],"collection":[{"href":"https:\/\/www.polishscience.pl\/fr\/wp-json\/wp\/v2\/posts"}],"about":[{"href":"https:\/\/www.polishscience.pl\/fr\/wp-json\/wp\/v2\/types\/post"}],"author":[{"embeddable":true,"href":"https:\/\/www.polishscience.pl\/fr\/wp-json\/wp\/v2\/users\/11"}],"replies":[{"embeddable":true,"href":"https:\/\/www.polishscience.pl\/fr\/wp-json\/wp\/v2\/comments?post=109374"}],"version-history":[{"count":0,"href":"https:\/\/www.polishscience.pl\/fr\/wp-json\/wp\/v2\/posts\/109374\/revisions"}],"wp:attachment":[{"href":"https:\/\/www.polishscience.pl\/fr\/wp-json\/wp\/v2\/media?parent=109374"}],"wp:term":[{"taxonomy":"category","embeddable":true,"href":"https:\/\/www.polishscience.pl\/fr\/wp-json\/wp\/v2\/categories?post=109374"},{"taxonomy":"post_tag","embeddable":true,"href":"https:\/\/www.polishscience.pl\/fr\/wp-json\/wp\/v2\/tags?post=109374"}],"curies":[{"name":"wp","href":"https:\/\/api.w.org\/{rel}","templated":true}]}}