{"id":109372,"date":"2020-01-07T14:49:55","date_gmt":"2020-01-07T13:49:55","guid":{"rendered":"http:\/\/polishscience.pl\/?p=109372"},"modified":"2020-01-07T14:49:55","modified_gmt":"2020-01-07T13:49:55","slug":"la-conference-internationale-du-projet-denquete-europeenne-sociale","status":"publish","type":"post","link":"https:\/\/www.polishscience.pl\/fr\/la-conference-internationale-du-projet-denquete-europeenne-sociale\/","title":{"rendered":"La conf\u00e9rence internationale du projet d&rsquo;enqu\u00eate europ\u00e9enne sociale"},"content":{"rendered":"<p><strong>L&rsquo;Institut de philosophie et de sociologie de l&rsquo;Acad\u00e9mie polonaise des sciences (IFiS PAN) invite \u00e0 une conf\u00e9rence internationale \u00a0\u00bb La Pologne et son contexte europ\u00e9en : La continuit\u00e9 et le changement \u00a0\u00bb le 5 f\u00e9vrier prochain, consacr\u00e9e \u00e0 la pr\u00e9sentation des r\u00e9sultats de la 9\u00e8me \u00e9dition du projet \u00a0\u00bb European Social Survey \u00ab\u00a0, qui se tiendra \u00e0 Varsovie.<\/strong><\/p>\n<p>Selon les organisateurs, trois sessions sont pr\u00e9vues pendant la conf\u00e9rence. Ils seront consacr\u00e9s aux questions du sens social de la justice, aux id\u00e9es sur le meilleur moment pour les \u00e9tapes importantes de la vie, comme le mariage, la retraite, etc. et aux attitudes envers l&rsquo;immigration et les immigrants.<\/p>\n<p>L&rsquo;enqu\u00eate sociale europ\u00e9enne (ESS) est l&rsquo;un des plus grands et des plus importants projets de recherche europ\u00e9ens, impliquant environ 30 pays. En 2005, elle a re\u00e7u le prix Descartes de la Commission europ\u00e9enne. En 2013, le projet ESS a re\u00e7u le statut de Consortium europ\u00e9en pour l&rsquo;infrastructure de recherche (ERIC), et en 2014 il a \u00e9t\u00e9 inclus dans la feuille de route polonaise pour l&rsquo;infrastructure de recherche.<\/p>\n","protected":false},"excerpt":{"rendered":"<p>L&rsquo;Institut de philosophie et de sociologie de l&rsquo;Acad\u00e9mie polonaise des sciences (IFiS PAN) invite \u00e0 une conf\u00e9rence internationale \u00a0\u00bb La Pologne et son contexte europ\u00e9en : La continuit\u00e9 et le changement \u00a0\u00bb le 5 f\u00e9vrier prochain, consacr\u00e9e \u00e0 la pr\u00e9sentation des r\u00e9sultats de la 9\u00e8me \u00e9dition du projet \u00a0\u00bb European Social Survey \u00ab\u00a0, qui se [&hellip;]<\/p>\n","protected":false},"author":11,"featured_media":0,"comment_status":"closed","ping_status":"closed","sticky":false,"template":"","format":"standard","meta":[],"categories":[41],"tags":[],"_links":{"self":[{"href":"https:\/\/www.polishscience.pl\/fr\/wp-json\/wp\/v2\/posts\/109372"}],"collection":[{"href":"https:\/\/www.polishscience.pl\/fr\/wp-json\/wp\/v2\/posts"}],"about":[{"href":"https:\/\/www.polishscience.pl\/fr\/wp-json\/wp\/v2\/types\/post"}],"author":[{"embeddable":true,"href":"https:\/\/www.polishscience.pl\/fr\/wp-json\/wp\/v2\/users\/11"}],"replies":[{"embeddable":true,"href":"https:\/\/www.polishscience.pl\/fr\/wp-json\/wp\/v2\/comments?post=109372"}],"version-history":[{"count":0,"href":"https:\/\/www.polishscience.pl\/fr\/wp-json\/wp\/v2\/posts\/109372\/revisions"}],"wp:attachment":[{"href":"https:\/\/www.polishscience.pl\/fr\/wp-json\/wp\/v2\/media?parent=109372"}],"wp:term":[{"taxonomy":"category","embeddable":true,"href":"https:\/\/www.polishscience.pl\/fr\/wp-json\/wp\/v2\/categories?post=109372"},{"taxonomy":"post_tag","embeddable":true,"href":"https:\/\/www.polishscience.pl\/fr\/wp-json\/wp\/v2\/tags?post=109372"}],"curies":[{"name":"wp","href":"https:\/\/api.w.org\/{rel}","templated":true}]}}