{"id":109154,"date":"2020-01-03T15:15:30","date_gmt":"2020-01-03T14:15:30","guid":{"rendered":"http:\/\/polishscience.pl\/?p=109154"},"modified":"2020-01-03T15:15:30","modified_gmt":"2020-01-03T14:15:30","slug":"lacademie-polonaise-des-sciences-organisera-un-forum-pour-letat-de-droit","status":"publish","type":"post","link":"https:\/\/www.polishscience.pl\/fr\/lacademie-polonaise-des-sciences-organisera-un-forum-pour-letat-de-droit\/","title":{"rendered":"L&rsquo;Acad\u00e9mie polonaise des sciences organisera un \u00ab\u00a0Forum pour l&rsquo;\u00c9tat de droit\u00a0\u00bb"},"content":{"rendered":"<p><strong>Le 23 janvier 2020, le \u00ab\u00a0Forum pour l&rsquo;Etat de droit\u00a0\u00bb se tiendra au Palais Staszic de Varsovie, organis\u00e9 par l&rsquo;Acad\u00e9mie polonaise des sciences (PAN) en coop\u00e9ration avec l&rsquo;Acad\u00e9mie polonaise des arts et des sciences.<\/strong><\/p>\n<p>Ces informations ont \u00e9t\u00e9 fournies par le Pr\u00e9sident de l&rsquo;Acad\u00e9mie polonaise des sciences, le professeur Jerzy Duszy\u0144ski, dans une lettre du 31 d\u00e9cembre 2019 adress\u00e9e aux autorit\u00e9s du Conseil supr\u00eame du barreau (NRA), de l&rsquo;Association des juges polonais \u00ab\u00a0IUSTITIA\u00a0\u00bb et du Conseil national des conseillers juridiques.<\/p>\n<p>Ces organisations ont demand\u00e9 le patronage du Pr\u00e9sident de l&rsquo;Acad\u00e9mie polonaise des sciences pour une manifestation intitul\u00e9e \u00ab\u00a0la Table ronde pour l&rsquo;\u00c9tat de droit\u00a0\u00bb. Le professeur Duszy\u0144ski refusant d&rsquo;accorder son patronage a inform\u00e9 que le PAN planifie sa propre manifestation consacr\u00e9e \u00e0 la question du Conseil national de la magistrature, \u00e0 laquelle, outre les repr\u00e9sentants du Pr\u00e9sident, les Pr\u00e9sidents du Parlement et du S\u00e9nat, il invitera \u00e9galement des repr\u00e9sentants de la NRA, de \u00a0\u00bb IUSTITIA \u00a0\u00bb et du Conseil national des conseillers juridiques, ainsi que les doyens des facult\u00e9s de droit de certaines universit\u00e9s.<\/p>\n","protected":false},"excerpt":{"rendered":"<p>Le 23 janvier 2020, le \u00ab\u00a0Forum pour l&rsquo;Etat de droit\u00a0\u00bb se tiendra au Palais Staszic de Varsovie, organis\u00e9 par l&rsquo;Acad\u00e9mie polonaise des sciences (PAN) en coop\u00e9ration avec l&rsquo;Acad\u00e9mie polonaise des arts et des sciences. Ces informations ont \u00e9t\u00e9 fournies par le Pr\u00e9sident de l&rsquo;Acad\u00e9mie polonaise des sciences, le professeur Jerzy Duszy\u0144ski, dans une lettre du [&hellip;]<\/p>\n","protected":false},"author":11,"featured_media":0,"comment_status":"closed","ping_status":"closed","sticky":false,"template":"","format":"standard","meta":[],"categories":[41],"tags":[],"_links":{"self":[{"href":"https:\/\/www.polishscience.pl\/fr\/wp-json\/wp\/v2\/posts\/109154"}],"collection":[{"href":"https:\/\/www.polishscience.pl\/fr\/wp-json\/wp\/v2\/posts"}],"about":[{"href":"https:\/\/www.polishscience.pl\/fr\/wp-json\/wp\/v2\/types\/post"}],"author":[{"embeddable":true,"href":"https:\/\/www.polishscience.pl\/fr\/wp-json\/wp\/v2\/users\/11"}],"replies":[{"embeddable":true,"href":"https:\/\/www.polishscience.pl\/fr\/wp-json\/wp\/v2\/comments?post=109154"}],"version-history":[{"count":0,"href":"https:\/\/www.polishscience.pl\/fr\/wp-json\/wp\/v2\/posts\/109154\/revisions"}],"wp:attachment":[{"href":"https:\/\/www.polishscience.pl\/fr\/wp-json\/wp\/v2\/media?parent=109154"}],"wp:term":[{"taxonomy":"category","embeddable":true,"href":"https:\/\/www.polishscience.pl\/fr\/wp-json\/wp\/v2\/categories?post=109154"},{"taxonomy":"post_tag","embeddable":true,"href":"https:\/\/www.polishscience.pl\/fr\/wp-json\/wp\/v2\/tags?post=109154"}],"curies":[{"name":"wp","href":"https:\/\/api.w.org\/{rel}","templated":true}]}}