{"id":108987,"date":"2020-01-02T13:03:45","date_gmt":"2020-01-02T12:03:45","guid":{"rendered":"http:\/\/polishscience.pl\/?p=108987"},"modified":"2020-01-02T13:03:45","modified_gmt":"2020-01-02T12:03:45","slug":"le-seminaire-scientifique-intitule-la-feminite-dans-lhandicap-a-rzeszow","status":"publish","type":"post","link":"https:\/\/www.polishscience.pl\/fr\/le-seminaire-scientifique-intitule-la-feminite-dans-lhandicap-a-rzeszow\/","title":{"rendered":"Le s\u00e9minaire scientifique intitul\u00e9 \u00ab\u00a0La f\u00e9minit\u00e9 dans l&rsquo;handicap\u00a0\u00bb \u00e0 Rzesz\u00f3w"},"content":{"rendered":"<p><strong>Le 25 janvier 2020, l&rsquo;Institut de P\u00e9dagogie de l&rsquo;Universit\u00e9 de Rzesz\u00f3w et la Facult\u00e9 de P\u00e9dagogie de l&rsquo;Universit\u00e9 de Varsovie organisent \u00e0 Rzesz\u00f3w un s\u00e9minaire de recherche sur les \u00e9tudes de l&rsquo;handicap \u00ab\u00a0La f\u00e9minit\u00e9 dans l&rsquo;handicap\u00a0\u00bb.<\/strong><\/p>\n<p>Les cons\u00e9quences sociales et culturelles des changements qui se produisent dans le monde sont largement reconnues par la communaut\u00e9 scientifique depuis des ann\u00e9es. Il semble particuli\u00e8rement important de reformuler le concept \u00e9tabli d\u2019handicap, en le traitant comme une trag\u00e9die personnelle. Le nouveau paradigme de l\u2019handicap met l&rsquo;accent sur la dimension sociale et souligne les droits des personnes handicap\u00e9es \u00e0 la libert\u00e9 et \u00e0 la diversit\u00e9. La question de la f\u00e9minit\u00e9, de la masculinit\u00e9, de l&rsquo;attractivit\u00e9, de la relation et de l&rsquo;amour des personnes handicap\u00e9es reste un domaine qui demande de l&rsquo;attention\u00a0\u00bb, peut-on lire le communiqu\u00e9 des organisateurs du s\u00e9minaire.<\/p>\n<p>Le programme de l&rsquo;\u00e9v\u00e9nement comprend une exposition de photographies de Tamara Pie\u0144ko de la s\u00e9rie \u00ab\u00a0Gratitude\u00a0\u00bb, qui fait partie d&rsquo;un projet du m\u00eame titre r\u00e9alis\u00e9 avec le Dr Alicja D\u0142ugo\u0142\u0119cka. L&rsquo;id\u00e9e du projet \u00ab\u00a0Gratitude\u00a0\u00bb est de montrer une femme, sa charnalit\u00e9 et ses \u00e9motions. La partie scientifique sera une table ronde avec les repr\u00e9sentants de la science et de la culture.<\/p>\n","protected":false},"excerpt":{"rendered":"<p>Le 25 janvier 2020, l&rsquo;Institut de P\u00e9dagogie de l&rsquo;Universit\u00e9 de Rzesz\u00f3w et la Facult\u00e9 de P\u00e9dagogie de l&rsquo;Universit\u00e9 de Varsovie organisent \u00e0 Rzesz\u00f3w un s\u00e9minaire de recherche sur les \u00e9tudes de l&rsquo;handicap \u00ab\u00a0La f\u00e9minit\u00e9 dans l&rsquo;handicap\u00a0\u00bb. Les cons\u00e9quences sociales et culturelles des changements qui se produisent dans le monde sont largement reconnues par la communaut\u00e9 [&hellip;]<\/p>\n","protected":false},"author":11,"featured_media":0,"comment_status":"closed","ping_status":"closed","sticky":false,"template":"","format":"standard","meta":[],"categories":[41],"tags":[],"_links":{"self":[{"href":"https:\/\/www.polishscience.pl\/fr\/wp-json\/wp\/v2\/posts\/108987"}],"collection":[{"href":"https:\/\/www.polishscience.pl\/fr\/wp-json\/wp\/v2\/posts"}],"about":[{"href":"https:\/\/www.polishscience.pl\/fr\/wp-json\/wp\/v2\/types\/post"}],"author":[{"embeddable":true,"href":"https:\/\/www.polishscience.pl\/fr\/wp-json\/wp\/v2\/users\/11"}],"replies":[{"embeddable":true,"href":"https:\/\/www.polishscience.pl\/fr\/wp-json\/wp\/v2\/comments?post=108987"}],"version-history":[{"count":0,"href":"https:\/\/www.polishscience.pl\/fr\/wp-json\/wp\/v2\/posts\/108987\/revisions"}],"wp:attachment":[{"href":"https:\/\/www.polishscience.pl\/fr\/wp-json\/wp\/v2\/media?parent=108987"}],"wp:term":[{"taxonomy":"category","embeddable":true,"href":"https:\/\/www.polishscience.pl\/fr\/wp-json\/wp\/v2\/categories?post=108987"},{"taxonomy":"post_tag","embeddable":true,"href":"https:\/\/www.polishscience.pl\/fr\/wp-json\/wp\/v2\/tags?post=108987"}],"curies":[{"name":"wp","href":"https:\/\/api.w.org\/{rel}","templated":true}]}}