{"id":108819,"date":"2019-12-31T13:02:46","date_gmt":"2019-12-31T12:02:46","guid":{"rendered":"http:\/\/polishscience.pl\/?p=108819"},"modified":"2019-12-31T13:35:09","modified_gmt":"2019-12-31T12:35:09","slug":"a-la-polytechnique-de-bialystok-sur-linternationalisation-de-linnovation","status":"publish","type":"post","link":"https:\/\/www.polishscience.pl\/fr\/a-la-polytechnique-de-bialystok-sur-linternationalisation-de-linnovation\/","title":{"rendered":"A la Polytechnique de Bia\u0142ystok sur l&rsquo;internationalisation de l&rsquo;innovation"},"content":{"rendered":"<p>La Polytechnique de Bialystok (PB) accueillera un \u00e9v\u00e9nement international intitul\u00e9 \u00a0\u00bb Plus d&rsquo;universit\u00e9s entrepreneuriales, Semaine internationale de formation du personnel \u00ab\u00a0, qui aura lieu du 15 au 17 janvier 2020.<\/p>\n<p>L&rsquo;\u00e9v\u00e9nement, organis\u00e9 par le d\u00e9partement TI de PB et le Bureau de la coop\u00e9ration internationale de la PB, s&rsquo;adresse \u00e0 tous les repr\u00e9sentants de la communaut\u00e9 universitaire et du monde des affaires qui s&rsquo;int\u00e9ressent au d\u00e9veloppement d&rsquo;un \u00e9cosyst\u00e8me de l&rsquo;innovation fond\u00e9 sur l&rsquo;internationalisation.<\/p>\n<p>Comme nous l&rsquo;avons lu dans l&rsquo;annonce de la PB, les participants \u00e9changeront leurs r\u00e9flexions, exp\u00e9riences et meilleures pratiques sur les outils de d\u00e9veloppement de l&rsquo;entrepreneuriat international universitaire et discuteront des strat\u00e9gies pour construire un r\u00e9seau de l&rsquo;\u00e9cosyst\u00e8me de l&rsquo;internationalisation de l&rsquo;innovation.<\/p>\n<p>Plus d\u2019informations :<br \/>\n<a href=\"https:\/\/meu.wi.pb.edu.pl\/\">https:\/\/meu.wi.pb.edu.pl\/<\/a><\/p>\n","protected":false},"excerpt":{"rendered":"<p>La Polytechnique de Bialystok (PB) accueillera un \u00e9v\u00e9nement international intitul\u00e9 \u00a0\u00bb Plus d&rsquo;universit\u00e9s entrepreneuriales, Semaine internationale de formation du personnel \u00ab\u00a0, qui aura lieu du 15 au 17 janvier 2020. L&rsquo;\u00e9v\u00e9nement, organis\u00e9 par le d\u00e9partement TI de PB et le Bureau de la coop\u00e9ration internationale de la PB, s&rsquo;adresse \u00e0 tous les repr\u00e9sentants de la [&hellip;]<\/p>\n","protected":false},"author":11,"featured_media":0,"comment_status":"closed","ping_status":"closed","sticky":false,"template":"","format":"standard","meta":[],"categories":[41,38],"tags":[],"_links":{"self":[{"href":"https:\/\/www.polishscience.pl\/fr\/wp-json\/wp\/v2\/posts\/108819"}],"collection":[{"href":"https:\/\/www.polishscience.pl\/fr\/wp-json\/wp\/v2\/posts"}],"about":[{"href":"https:\/\/www.polishscience.pl\/fr\/wp-json\/wp\/v2\/types\/post"}],"author":[{"embeddable":true,"href":"https:\/\/www.polishscience.pl\/fr\/wp-json\/wp\/v2\/users\/11"}],"replies":[{"embeddable":true,"href":"https:\/\/www.polishscience.pl\/fr\/wp-json\/wp\/v2\/comments?post=108819"}],"version-history":[{"count":0,"href":"https:\/\/www.polishscience.pl\/fr\/wp-json\/wp\/v2\/posts\/108819\/revisions"}],"wp:attachment":[{"href":"https:\/\/www.polishscience.pl\/fr\/wp-json\/wp\/v2\/media?parent=108819"}],"wp:term":[{"taxonomy":"category","embeddable":true,"href":"https:\/\/www.polishscience.pl\/fr\/wp-json\/wp\/v2\/categories?post=108819"},{"taxonomy":"post_tag","embeddable":true,"href":"https:\/\/www.polishscience.pl\/fr\/wp-json\/wp\/v2\/tags?post=108819"}],"curies":[{"name":"wp","href":"https:\/\/api.w.org\/{rel}","templated":true}]}}