{"id":107779,"date":"2019-12-20T15:20:56","date_gmt":"2019-12-20T14:20:56","guid":{"rendered":"http:\/\/polishscience.pl\/?p=107779"},"modified":"2019-12-20T15:20:56","modified_gmt":"2019-12-20T14:20:56","slug":"un-appel-des-scientifiques-polonais-sur-la-crise-climatique","status":"publish","type":"post","link":"https:\/\/www.polishscience.pl\/fr\/un-appel-des-scientifiques-polonais-sur-la-crise-climatique\/","title":{"rendered":"Un appel des scientifiques polonais sur la crise climatique"},"content":{"rendered":"<p><strong>Le Conseil scientifique de l&rsquo;Institut de la conservation de la nature de l&rsquo;Acad\u00e9mie polonaise des sciences (PAN) \u00e0 Cracovie a lanc\u00e9 un appel pour que des mesures fond\u00e9es sur la science soient prises afin de limiter la crise climatique et \u00e9cologique mondiale et de s&rsquo;adapter aux effets de ces changements.<\/strong><\/p>\n<p>Si l&rsquo;on continue \u00e0 ignorer la crise et \u00e0 maintenir les tendances actuelles des \u00e9missions de gaz \u00e0 effet de serre, la temp\u00e9rature moyenne de la Terre augmentera de 2 \u00e0 4 \u00b0C par rapport aux niveaux pr\u00e9industriels d&rsquo;ici 2050. Une augmentation aussi importante de la temp\u00e9rature et la poursuite de l&rsquo;exploitation effr\u00e9n\u00e9e des ressources de la Terre auront des cons\u00e9quences catastrophiques pour la biodiversit\u00e9 et la civilisation, comme l&rsquo;a bien r\u00e9sum\u00e9 Robert Watson (pr\u00e9sident de l&rsquo;IPBES) : \u00a0\u00bb les fondements de nos \u00e9conomies, de nos moyens d&rsquo;existence, de la s\u00e9curit\u00e9 alimentaire, de la sant\u00e9 et de la qualit\u00e9 de vie dans le monde entier seront sap\u00e9s \u00ab\u00a0. \u2013 \u00e0 lire dans la th\u00e8se du Conseil scientifique.<\/p>\n<p>Les scientifiques ont exprim\u00e9 leur soutien aux postulats de la Gr\u00e8ve Climatique des Jeunes du 26 septembre 2019, aux postulats adopt\u00e9s par les participants de la conf\u00e9rence \u00a0\u00bb \u00c7a a commenc\u00e9 avec les montagnes des Tatras \u00a0\u00bb du 23 novembre 2019 et \u00e0 l&rsquo;initiative \u00a0\u00bb Avertissement des scientifiques du monde entier d&rsquo;une urgence climatique \u00a0\u00bb &#8211; \u201cWorld Scientists\u2019 Warning of a Climate Emergency\u201d.<br \/>\n.<br \/>\nPlus d\u2019informations:<br \/>\n<a href=\"http:\/\/www.iop.krakow.pl\/files\/294\/6uchwala_kryzys_klim_ekol_short.pdf\">http:\/\/www.iop.krakow.pl\/files\/294\/6uchwala_kryzys_klim_ekol_short.pdf<\/a><\/p>\n","protected":false},"excerpt":{"rendered":"<p>Le Conseil scientifique de l&rsquo;Institut de la conservation de la nature de l&rsquo;Acad\u00e9mie polonaise des sciences (PAN) \u00e0 Cracovie a lanc\u00e9 un appel pour que des mesures fond\u00e9es sur la science soient prises afin de limiter la crise climatique et \u00e9cologique mondiale et de s&rsquo;adapter aux effets de ces changements. Si l&rsquo;on continue \u00e0 ignorer [&hellip;]<\/p>\n","protected":false},"author":11,"featured_media":0,"comment_status":"closed","ping_status":"closed","sticky":false,"template":"","format":"standard","meta":[],"categories":[41],"tags":[],"_links":{"self":[{"href":"https:\/\/www.polishscience.pl\/fr\/wp-json\/wp\/v2\/posts\/107779"}],"collection":[{"href":"https:\/\/www.polishscience.pl\/fr\/wp-json\/wp\/v2\/posts"}],"about":[{"href":"https:\/\/www.polishscience.pl\/fr\/wp-json\/wp\/v2\/types\/post"}],"author":[{"embeddable":true,"href":"https:\/\/www.polishscience.pl\/fr\/wp-json\/wp\/v2\/users\/11"}],"replies":[{"embeddable":true,"href":"https:\/\/www.polishscience.pl\/fr\/wp-json\/wp\/v2\/comments?post=107779"}],"version-history":[{"count":0,"href":"https:\/\/www.polishscience.pl\/fr\/wp-json\/wp\/v2\/posts\/107779\/revisions"}],"wp:attachment":[{"href":"https:\/\/www.polishscience.pl\/fr\/wp-json\/wp\/v2\/media?parent=107779"}],"wp:term":[{"taxonomy":"category","embeddable":true,"href":"https:\/\/www.polishscience.pl\/fr\/wp-json\/wp\/v2\/categories?post=107779"},{"taxonomy":"post_tag","embeddable":true,"href":"https:\/\/www.polishscience.pl\/fr\/wp-json\/wp\/v2\/tags?post=107779"}],"curies":[{"name":"wp","href":"https:\/\/api.w.org\/{rel}","templated":true}]}}