{"id":107561,"date":"2019-12-19T13:05:11","date_gmt":"2019-12-19T12:05:11","guid":{"rendered":"http:\/\/polishscience.pl\/?p=107561"},"modified":"2019-12-19T13:05:11","modified_gmt":"2019-12-19T12:05:11","slug":"lun-des-plus-eminents-alpinistes-polonais-de-lhimalaya-est-linvite-de-luniversite-maria-curie-sklodowska","status":"publish","type":"post","link":"https:\/\/www.polishscience.pl\/fr\/lun-des-plus-eminents-alpinistes-polonais-de-lhimalaya-est-linvite-de-luniversite-maria-curie-sklodowska\/","title":{"rendered":"L&rsquo;un des plus \u00e9minents alpinistes polonais de l&rsquo;Himalaya est l\u2019invit\u00e9 de l&rsquo;Universit\u00e9 Maria Curie Sk\u0142odowska"},"content":{"rendered":"<p><strong>L\u2019association Polonaise de G\u00e9ographie, section de Lublin, Facult\u00e9 des Sciences de la Terre et de l&rsquo;Am\u00e9nagement du Territoire de l\u2019Universit\u00e9 Maria Curie Sk\u0142odowska \u00e0 Lublin et le Club Hautes Montagnes de Lublin invitent \u00e0 une rencontre avec Leszek Cichy &#8211; un alpiniste des Tatras et de l&rsquo;Himalaya.<\/strong><\/p>\n<p>Leszek Cichy grimpe continuellement depuis 1969. Le 17 f\u00e9vrier 1980, avec Krzysztof Wielicki, il a \u00e9t\u00e9 le premier \u00e0 gravir l&rsquo;Everest en hiver. Cichy a \u00e9galement particip\u00e9 \u00e0 la premi\u00e8re exp\u00e9dition hivernale au K2 et a \u00e9t\u00e9 le premier Polonais \u00e0 gravir la Couronne de la Terre.<\/p>\n<p>La rencontre est li\u00e9e au prochain 40e anniversaire de la toute premi\u00e8re ascension hivernale de l&rsquo;Everest. Pendant l&rsquo;\u00e9v\u00e9nement, il y aura une promotion du dernier livre de Leszek Cichy, Marek Kami\u0144ski et Julia Hamerii intitul\u00e9 \u00ab\u00a0Trois p\u00f4les. Touchez \u00e0 l&rsquo;impossible.<\/p>\n<p>L&rsquo;\u00e9v\u00e9nement aura lieu le 19 d\u00e9cembre 2019 \u00e0 17h15 dans le hall de la Facult\u00e9 des Sciences de la Terre et de l&rsquo;Am\u00e9nagement du territoire de l&rsquo;Universit\u00e9 Maria Curie-Sk\u0142odowska.<\/p>\n","protected":false},"excerpt":{"rendered":"<p>L\u2019association Polonaise de G\u00e9ographie, section de Lublin, Facult\u00e9 des Sciences de la Terre et de l&rsquo;Am\u00e9nagement du Territoire de l\u2019Universit\u00e9 Maria Curie Sk\u0142odowska \u00e0 Lublin et le Club Hautes Montagnes de Lublin invitent \u00e0 une rencontre avec Leszek Cichy &#8211; un alpiniste des Tatras et de l&rsquo;Himalaya. Leszek Cichy grimpe continuellement depuis 1969. Le 17 [&hellip;]<\/p>\n","protected":false},"author":11,"featured_media":0,"comment_status":"closed","ping_status":"closed","sticky":false,"template":"","format":"standard","meta":[],"categories":[41],"tags":[],"_links":{"self":[{"href":"https:\/\/www.polishscience.pl\/fr\/wp-json\/wp\/v2\/posts\/107561"}],"collection":[{"href":"https:\/\/www.polishscience.pl\/fr\/wp-json\/wp\/v2\/posts"}],"about":[{"href":"https:\/\/www.polishscience.pl\/fr\/wp-json\/wp\/v2\/types\/post"}],"author":[{"embeddable":true,"href":"https:\/\/www.polishscience.pl\/fr\/wp-json\/wp\/v2\/users\/11"}],"replies":[{"embeddable":true,"href":"https:\/\/www.polishscience.pl\/fr\/wp-json\/wp\/v2\/comments?post=107561"}],"version-history":[{"count":0,"href":"https:\/\/www.polishscience.pl\/fr\/wp-json\/wp\/v2\/posts\/107561\/revisions"}],"wp:attachment":[{"href":"https:\/\/www.polishscience.pl\/fr\/wp-json\/wp\/v2\/media?parent=107561"}],"wp:term":[{"taxonomy":"category","embeddable":true,"href":"https:\/\/www.polishscience.pl\/fr\/wp-json\/wp\/v2\/categories?post=107561"},{"taxonomy":"post_tag","embeddable":true,"href":"https:\/\/www.polishscience.pl\/fr\/wp-json\/wp\/v2\/tags?post=107561"}],"curies":[{"name":"wp","href":"https:\/\/api.w.org\/{rel}","templated":true}]}}