{"id":107342,"date":"2019-12-18T15:07:20","date_gmt":"2019-12-18T14:07:20","guid":{"rendered":"http:\/\/polishscience.pl\/?p=107342"},"modified":"2019-12-18T15:07:20","modified_gmt":"2019-12-18T14:07:20","slug":"le-vice-premier-ministre-gowin-la-lutte-contre-le-smog-au-dela-des-frontieres-politiques","status":"publish","type":"post","link":"https:\/\/www.polishscience.pl\/fr\/le-vice-premier-ministre-gowin-la-lutte-contre-le-smog-au-dela-des-frontieres-politiques\/","title":{"rendered":"Le vice-premier ministre Gowin : la lutte contre le smog au-del\u00e0 des fronti\u00e8res politiques"},"content":{"rendered":"<p><strong>Il est grand temps que nous commencions \u00e0 lutter de mani\u00e8re cons\u00e9quente, \u00e0 travers les divisions d\u00e9partementales et de parti, contre ce qui d\u00e9truit la sant\u00e9 des Polonais, tue des dizaines de milliers de personnes par an et est une source de nombreuses pertes financi\u00e8res &#8211; a d\u00e9clar\u00e9 Jaros\u0142aw Gowin, vice-premier ministre et chef du minist\u00e8re des Sciences, apr\u00e8s la r\u00e9union, qui \u00e9tait consacr\u00e9e \u00e0 la lutte contre le smog dans l&rsquo;agglom\u00e9ration de Cracovie.<\/strong><\/p>\n<p>Des repr\u00e9sentants du gouvernement, des autorit\u00e9s locales et du Fonds national pour la protection de l&rsquo;environnement et la gestion de l&rsquo;eau ont d\u00e9battu des mesures globales de lutte contre le smog dans la region de la Petite Pologne.<\/p>\n<p>Les diff\u00e9rents minist\u00e8res et organismes offrent divers programmes de lutte contre le smog. Parmi les principales r\u00e9alisations du gouvernement polonais dans le domaine de la r\u00e9duction des \u00e9missions, le ministre du D\u00e9veloppement Jadwiga Emilewicz a mentionn\u00e9 la r\u00e9glementation concernant la qualit\u00e9 des chaudi\u00e8res de chauffage, la loi et la r\u00e9glementation concernant la qualit\u00e9 des combustibles solides et la loi dite de thermomodernisation, qui permettra le d\u00e9marrage d&rsquo;un pilotage thermomodernisation dans les villes les plus pollu\u00e9es par le smog.<\/p>\n","protected":false},"excerpt":{"rendered":"<p>Il est grand temps que nous commencions \u00e0 lutter de mani\u00e8re cons\u00e9quente, \u00e0 travers les divisions d\u00e9partementales et de parti, contre ce qui d\u00e9truit la sant\u00e9 des Polonais, tue des dizaines de milliers de personnes par an et est une source de nombreuses pertes financi\u00e8res &#8211; a d\u00e9clar\u00e9 Jaros\u0142aw Gowin, vice-premier ministre et chef du [&hellip;]<\/p>\n","protected":false},"author":11,"featured_media":0,"comment_status":"closed","ping_status":"closed","sticky":false,"template":"","format":"standard","meta":[],"categories":[41],"tags":[],"_links":{"self":[{"href":"https:\/\/www.polishscience.pl\/fr\/wp-json\/wp\/v2\/posts\/107342"}],"collection":[{"href":"https:\/\/www.polishscience.pl\/fr\/wp-json\/wp\/v2\/posts"}],"about":[{"href":"https:\/\/www.polishscience.pl\/fr\/wp-json\/wp\/v2\/types\/post"}],"author":[{"embeddable":true,"href":"https:\/\/www.polishscience.pl\/fr\/wp-json\/wp\/v2\/users\/11"}],"replies":[{"embeddable":true,"href":"https:\/\/www.polishscience.pl\/fr\/wp-json\/wp\/v2\/comments?post=107342"}],"version-history":[{"count":0,"href":"https:\/\/www.polishscience.pl\/fr\/wp-json\/wp\/v2\/posts\/107342\/revisions"}],"wp:attachment":[{"href":"https:\/\/www.polishscience.pl\/fr\/wp-json\/wp\/v2\/media?parent=107342"}],"wp:term":[{"taxonomy":"category","embeddable":true,"href":"https:\/\/www.polishscience.pl\/fr\/wp-json\/wp\/v2\/categories?post=107342"},{"taxonomy":"post_tag","embeddable":true,"href":"https:\/\/www.polishscience.pl\/fr\/wp-json\/wp\/v2\/tags?post=107342"}],"curies":[{"name":"wp","href":"https:\/\/api.w.org\/{rel}","templated":true}]}}