{"id":106897,"date":"2019-12-16T15:47:34","date_gmt":"2019-12-16T14:47:34","guid":{"rendered":"http:\/\/polishscience.pl\/?p=106897"},"modified":"2019-12-16T15:47:34","modified_gmt":"2019-12-16T14:47:34","slug":"louverture-du-laboratoire-de-biologie-de-larn-a-varsovie","status":"publish","type":"post","link":"https:\/\/www.polishscience.pl\/fr\/louverture-du-laboratoire-de-biologie-de-larn-a-varsovie\/","title":{"rendered":"L\u2019ouverture du laboratoire de biologie de l&rsquo;ARN  \u00e0 Varsovie"},"content":{"rendered":"<p><strong>L&rsquo;Institut international de biologie mol\u00e9culaire et cellulaire de Varsovie pr\u00e9sentera officiellement le Laboratoire de biologie de l&rsquo;ARN le 9 janvier 2020.<\/strong><\/p>\n<p>Le nouveau groupe de recherche sera dirig\u00e9 par le professeur Andrzej Dziembowski et le laboratoire de biologie de l&rsquo;ARN s&rsquo;occupera de la recherche sur la r\u00e9gulation de l&rsquo;expression g\u00e9n\u00e9tique au niveau dit post-transcriptionnel.<\/p>\n<p>Le professeur Andrzej Dziembowski est un biologiste mol\u00e9culaire, biochimiste et g\u00e9n\u00e9ticien de classe mondiale. Il est membre correspondant de l&rsquo;Acad\u00e9mie polonaise des sciences. Il est laur\u00e9at de la prestigieuse bourse de d\u00e9marrage ERC (2012) et du prix de la Fondation pour la science polonaise (2018).<\/p>\n<p>Le projet est r\u00e9alis\u00e9 dans le cadre de la subvention europ\u00e9enne Horizon 2020 des chaires ERA \u00ab\u00a0Les voies de signalisation mol\u00e9culaire dans la sant\u00e9 et la maladie \u2013 Le Centre d&rsquo;excellence interdisciplinaire\u00a0\u00bb (MOSaIC).<\/p>\n","protected":false},"excerpt":{"rendered":"<p>L&rsquo;Institut international de biologie mol\u00e9culaire et cellulaire de Varsovie pr\u00e9sentera officiellement le Laboratoire de biologie de l&rsquo;ARN le 9 janvier 2020. Le nouveau groupe de recherche sera dirig\u00e9 par le professeur Andrzej Dziembowski et le laboratoire de biologie de l&rsquo;ARN s&rsquo;occupera de la recherche sur la r\u00e9gulation de l&rsquo;expression g\u00e9n\u00e9tique au niveau dit post-transcriptionnel. Le [&hellip;]<\/p>\n","protected":false},"author":11,"featured_media":0,"comment_status":"closed","ping_status":"closed","sticky":false,"template":"","format":"standard","meta":[],"categories":[39,36],"tags":[],"_links":{"self":[{"href":"https:\/\/www.polishscience.pl\/fr\/wp-json\/wp\/v2\/posts\/106897"}],"collection":[{"href":"https:\/\/www.polishscience.pl\/fr\/wp-json\/wp\/v2\/posts"}],"about":[{"href":"https:\/\/www.polishscience.pl\/fr\/wp-json\/wp\/v2\/types\/post"}],"author":[{"embeddable":true,"href":"https:\/\/www.polishscience.pl\/fr\/wp-json\/wp\/v2\/users\/11"}],"replies":[{"embeddable":true,"href":"https:\/\/www.polishscience.pl\/fr\/wp-json\/wp\/v2\/comments?post=106897"}],"version-history":[{"count":0,"href":"https:\/\/www.polishscience.pl\/fr\/wp-json\/wp\/v2\/posts\/106897\/revisions"}],"wp:attachment":[{"href":"https:\/\/www.polishscience.pl\/fr\/wp-json\/wp\/v2\/media?parent=106897"}],"wp:term":[{"taxonomy":"category","embeddable":true,"href":"https:\/\/www.polishscience.pl\/fr\/wp-json\/wp\/v2\/categories?post=106897"},{"taxonomy":"post_tag","embeddable":true,"href":"https:\/\/www.polishscience.pl\/fr\/wp-json\/wp\/v2\/tags?post=106897"}],"curies":[{"name":"wp","href":"https:\/\/api.w.org\/{rel}","templated":true}]}}