{"id":106891,"date":"2019-12-16T13:10:32","date_gmt":"2019-12-16T12:10:32","guid":{"rendered":"http:\/\/polishscience.pl\/?p=106891"},"modified":"2019-12-16T13:10:32","modified_gmt":"2019-12-16T12:10:32","slug":"la-conference-intitulee-science-innovations-business-a-bielsko-biala","status":"publish","type":"post","link":"https:\/\/www.polishscience.pl\/fr\/la-conference-intitulee-science-innovations-business-a-bielsko-biala\/","title":{"rendered":"La conf\u00e9rence intitul\u00e9e \u00ab\u00a0Science-Innovations-Business\u00a0\u00bb \u00e0 Bielsko-Bia\u0142a"},"content":{"rendered":"<p><strong>L&rsquo;Acad\u00e9mie de technologie et des sciences humaines de Bielsko-Bia\u0142a organise pour la quatri\u00e8me fois la conf\u00e9rence \u00ab\u00a0Science-Innovations-Business\u00a0\u00bb, qui aura lieu le lundi 16 d\u00e9cembre.<\/strong><\/p>\n<p>Comme le soulignent les organisateurs de l&rsquo;\u00e9v\u00e9nement, il s&rsquo;agit d&rsquo;une conf\u00e9rence unique dans le pays, car \u00ab\u00a0c&rsquo;est d&rsquo;une part un lieu d&rsquo;\u00e9coute de conf\u00e9rences de sp\u00e9cialistes, mais aussi un lieu d&rsquo;\u00e9change de vues et d&rsquo;id\u00e9es entre les scientifiques et le monde des affaires\u00a0\u00bb.<\/p>\n<p>L&rsquo;un des objectifs de la conf\u00e9rence est d&rsquo;inspirer les communaut\u00e9s locales d&rsquo;entrepreneurs et de scientifiques \u00e0 r\u00e9fl\u00e9chir au d\u00e9veloppement de l&rsquo;innovation et \u00e0 accro\u00eetre l&rsquo;efficacit\u00e9 de la mise en \u0153uvre des nouvelles technologies.<br \/>\nL&rsquo;un des principaux points \u00e0 l&rsquo;ordre du jour sera consacr\u00e9 aux discours consacr\u00e9s aux activit\u00e9s des r\u00e9seaux de recherche et au financement de la recherche \u00e0 l&rsquo;\u00e9chelle internationale.<\/p>\n","protected":false},"excerpt":{"rendered":"<p>L&rsquo;Acad\u00e9mie de technologie et des sciences humaines de Bielsko-Bia\u0142a organise pour la quatri\u00e8me fois la conf\u00e9rence \u00ab\u00a0Science-Innovations-Business\u00a0\u00bb, qui aura lieu le lundi 16 d\u00e9cembre. Comme le soulignent les organisateurs de l&rsquo;\u00e9v\u00e9nement, il s&rsquo;agit d&rsquo;une conf\u00e9rence unique dans le pays, car \u00ab\u00a0c&rsquo;est d&rsquo;une part un lieu d&rsquo;\u00e9coute de conf\u00e9rences de sp\u00e9cialistes, mais aussi un lieu d&rsquo;\u00e9change [&hellip;]<\/p>\n","protected":false},"author":11,"featured_media":0,"comment_status":"closed","ping_status":"closed","sticky":false,"template":"","format":"standard","meta":[],"categories":[40,41],"tags":[],"_links":{"self":[{"href":"https:\/\/www.polishscience.pl\/fr\/wp-json\/wp\/v2\/posts\/106891"}],"collection":[{"href":"https:\/\/www.polishscience.pl\/fr\/wp-json\/wp\/v2\/posts"}],"about":[{"href":"https:\/\/www.polishscience.pl\/fr\/wp-json\/wp\/v2\/types\/post"}],"author":[{"embeddable":true,"href":"https:\/\/www.polishscience.pl\/fr\/wp-json\/wp\/v2\/users\/11"}],"replies":[{"embeddable":true,"href":"https:\/\/www.polishscience.pl\/fr\/wp-json\/wp\/v2\/comments?post=106891"}],"version-history":[{"count":0,"href":"https:\/\/www.polishscience.pl\/fr\/wp-json\/wp\/v2\/posts\/106891\/revisions"}],"wp:attachment":[{"href":"https:\/\/www.polishscience.pl\/fr\/wp-json\/wp\/v2\/media?parent=106891"}],"wp:term":[{"taxonomy":"category","embeddable":true,"href":"https:\/\/www.polishscience.pl\/fr\/wp-json\/wp\/v2\/categories?post=106891"},{"taxonomy":"post_tag","embeddable":true,"href":"https:\/\/www.polishscience.pl\/fr\/wp-json\/wp\/v2\/tags?post=106891"}],"curies":[{"name":"wp","href":"https:\/\/api.w.org\/{rel}","templated":true}]}}