{"id":106005,"date":"2019-12-10T15:22:56","date_gmt":"2019-12-10T14:22:56","guid":{"rendered":"http:\/\/polishscience.pl\/?p=106005"},"modified":"2019-12-10T15:22:56","modified_gmt":"2019-12-10T14:22:56","slug":"anna-budzanowska-les-polonais-veulent-de-lair-pur","status":"publish","type":"post","link":"https:\/\/www.polishscience.pl\/fr\/anna-budzanowska-les-polonais-veulent-de-lair-pur\/","title":{"rendered":"Anna Budzanowska : Les polonais veulent de l&rsquo;air pur"},"content":{"rendered":"<p><strong>Des repr\u00e9sentants du monde scientifique et des institutions internationales \u0153uvrant pour la protection de l&rsquo;environnement se sont r\u00e9unis \u00e0 l&rsquo;Universit\u00e9 autonome de Madrid \u00e0 l&rsquo;occasion de la Journ\u00e9e du droit climatique et de la gouvernance. Le Directeur g\u00e9n\u00e9ral du Minist\u00e8re des sciences et de l&rsquo;enseignement sup\u00e9rieur, Mme Anna Budzanowska, a particip\u00e9 \u00e0 la conf\u00e9rence et a pr\u00e9sent\u00e9 les perspectives de la politique scientifique par rapport aux d\u00e9fis climatiques &#8211; a inform\u00e9 le Minist\u00e8re des sciences.<\/strong><\/p>\n<p>La Pologne en tant que pays a rattrap\u00e9 son retard et le probl\u00e8me du changement climatique est devenu l&rsquo;une des politiques les plus importantes du nouveau gouvernement. Les Polonais veulent de l&rsquo;air pur, veulent prot\u00e9ger l&rsquo;environnement et sont pr\u00eats \u00e0 assumer les obligations qui en d\u00e9coulent &#8211; a d\u00e9clar\u00e9 Anna Budzanowska lors du panel d&rsquo;experts sur les probl\u00e8mes de protection du climat et les orientations politiques dans une perspective polonaise post-COP24, qui a r\u00e9sum\u00e9 la Journ\u00e9e du droit climatique et de la gouvernance qui a eu lieu \u00e0 Katowice.<\/p>\n<p>Il n&rsquo;existe pas de recette unique pour la neutralit\u00e9 climatique. Des conditions diff\u00e9rentes selon les pays signifient que nous devons chercher une voie qui sera optimale pour nous. Les scientifiques apportent une contribution tr\u00e8s s\u00e9rieuse dans ce domaine, car leurs recherches d\u00e9terminent les orientations de la protection du climat &#8211; a soulign\u00e9 le Dr Budzanowska.<\/p>\n","protected":false},"excerpt":{"rendered":"<p>Des repr\u00e9sentants du monde scientifique et des institutions internationales \u0153uvrant pour la protection de l&rsquo;environnement se sont r\u00e9unis \u00e0 l&rsquo;Universit\u00e9 autonome de Madrid \u00e0 l&rsquo;occasion de la Journ\u00e9e du droit climatique et de la gouvernance. Le Directeur g\u00e9n\u00e9ral du Minist\u00e8re des sciences et de l&rsquo;enseignement sup\u00e9rieur, Mme Anna Budzanowska, a particip\u00e9 \u00e0 la conf\u00e9rence et [&hellip;]<\/p>\n","protected":false},"author":11,"featured_media":0,"comment_status":"closed","ping_status":"closed","sticky":false,"template":"","format":"standard","meta":[],"categories":[41],"tags":[],"_links":{"self":[{"href":"https:\/\/www.polishscience.pl\/fr\/wp-json\/wp\/v2\/posts\/106005"}],"collection":[{"href":"https:\/\/www.polishscience.pl\/fr\/wp-json\/wp\/v2\/posts"}],"about":[{"href":"https:\/\/www.polishscience.pl\/fr\/wp-json\/wp\/v2\/types\/post"}],"author":[{"embeddable":true,"href":"https:\/\/www.polishscience.pl\/fr\/wp-json\/wp\/v2\/users\/11"}],"replies":[{"embeddable":true,"href":"https:\/\/www.polishscience.pl\/fr\/wp-json\/wp\/v2\/comments?post=106005"}],"version-history":[{"count":0,"href":"https:\/\/www.polishscience.pl\/fr\/wp-json\/wp\/v2\/posts\/106005\/revisions"}],"wp:attachment":[{"href":"https:\/\/www.polishscience.pl\/fr\/wp-json\/wp\/v2\/media?parent=106005"}],"wp:term":[{"taxonomy":"category","embeddable":true,"href":"https:\/\/www.polishscience.pl\/fr\/wp-json\/wp\/v2\/categories?post=106005"},{"taxonomy":"post_tag","embeddable":true,"href":"https:\/\/www.polishscience.pl\/fr\/wp-json\/wp\/v2\/tags?post=106005"}],"curies":[{"name":"wp","href":"https:\/\/api.w.org\/{rel}","templated":true}]}}