{"id":105997,"date":"2019-12-10T15:21:55","date_gmt":"2019-12-10T14:21:55","guid":{"rendered":"http:\/\/polishscience.pl\/?p=105997"},"modified":"2019-12-10T15:21:55","modified_gmt":"2019-12-10T14:21:55","slug":"la-conference-du-professeur-bledowski-intitulee-la-vieillesse-a-de-lavenir-a-luniversite-de-lodz","status":"publish","type":"post","link":"https:\/\/www.polishscience.pl\/fr\/la-conference-du-professeur-bledowski-intitulee-la-vieillesse-a-de-lavenir-a-luniversite-de-lodz\/","title":{"rendered":"La conf\u00e9rence du Professeur B\u0142\u0119dowski intitul\u00e9e la vieillesse a de l&rsquo;avenir \u00e0 l&rsquo;Universit\u00e9 de \u0141\u00f3d\u017a"},"content":{"rendered":"<p><strong>La dimension sociale de la vieillesse, la perspective de l&rsquo;individu ou de la population \u00e2g\u00e9e &#8211; telles sont les questions soulev\u00e9es lors de la conf\u00e9rence du professeur Piotr B\u0142\u0119dowski, \u00e9conomiste et g\u00e9rontologue polonais qui a visit\u00e9 la facult\u00e9 d&rsquo;\u00e9conomie et de sociologie de l&rsquo;Universit\u00e9 de \u0141\u00f3d\u017a (U\u0141).<\/strong><\/p>\n<p>Comme l&rsquo;informe le Centre pour la promotion de l&rsquo;Universit\u00e9 de \u0141\u00f3d\u017a, le professeur B\u0142\u0119dowski a parl\u00e9 des barri\u00e8res et des obstacles qui peuvent appara\u00eetre sur le chemin des personnes \u00e2g\u00e9es dans la vie quotidienne.<\/p>\n<p>Les personnes \u00e2g\u00e9es ne limitent plus leurs aspirations, comme dans les ann\u00e9es 1980. Leur activit\u00e9 professionnelle s&rsquo;accro\u00eet. Il y a de plus en plus d&rsquo;avantages. Je ne voudrais pas \u00eatre un citoyen de deuxi\u00e8me classe dans ma vieillesse, mais je voudrais avoir les m\u00eames droits aux prestations que les autres, \u00e0 condition que de telles prestations soient disponibles &#8211; a dit le professeur.<\/p>\n<p>Le professeur Piotr B\u0142\u0119dowski est depuis longtemps pr\u00e9sident du conseil d&rsquo;administration de l\u2019Association polonaise de g\u00e9rontologie (PTG), actuellement pr\u00e9sident du comit\u00e9 d&rsquo;audit du PTG et membre du comit\u00e9 des sciences du travail et de la politique sociale de l&rsquo;Acad\u00e9mie polonaise des sciences.<\/p>\n","protected":false},"excerpt":{"rendered":"<p>La dimension sociale de la vieillesse, la perspective de l&rsquo;individu ou de la population \u00e2g\u00e9e &#8211; telles sont les questions soulev\u00e9es lors de la conf\u00e9rence du professeur Piotr B\u0142\u0119dowski, \u00e9conomiste et g\u00e9rontologue polonais qui a visit\u00e9 la facult\u00e9 d&rsquo;\u00e9conomie et de sociologie de l&rsquo;Universit\u00e9 de \u0141\u00f3d\u017a (U\u0141). Comme l&rsquo;informe le Centre pour la promotion de [&hellip;]<\/p>\n","protected":false},"author":11,"featured_media":0,"comment_status":"closed","ping_status":"closed","sticky":false,"template":"","format":"standard","meta":[],"categories":[41],"tags":[],"_links":{"self":[{"href":"https:\/\/www.polishscience.pl\/fr\/wp-json\/wp\/v2\/posts\/105997"}],"collection":[{"href":"https:\/\/www.polishscience.pl\/fr\/wp-json\/wp\/v2\/posts"}],"about":[{"href":"https:\/\/www.polishscience.pl\/fr\/wp-json\/wp\/v2\/types\/post"}],"author":[{"embeddable":true,"href":"https:\/\/www.polishscience.pl\/fr\/wp-json\/wp\/v2\/users\/11"}],"replies":[{"embeddable":true,"href":"https:\/\/www.polishscience.pl\/fr\/wp-json\/wp\/v2\/comments?post=105997"}],"version-history":[{"count":0,"href":"https:\/\/www.polishscience.pl\/fr\/wp-json\/wp\/v2\/posts\/105997\/revisions"}],"wp:attachment":[{"href":"https:\/\/www.polishscience.pl\/fr\/wp-json\/wp\/v2\/media?parent=105997"}],"wp:term":[{"taxonomy":"category","embeddable":true,"href":"https:\/\/www.polishscience.pl\/fr\/wp-json\/wp\/v2\/categories?post=105997"},{"taxonomy":"post_tag","embeddable":true,"href":"https:\/\/www.polishscience.pl\/fr\/wp-json\/wp\/v2\/tags?post=105997"}],"curies":[{"name":"wp","href":"https:\/\/api.w.org\/{rel}","templated":true}]}}