{"id":105773,"date":"2019-12-09T13:37:03","date_gmt":"2019-12-09T12:37:03","guid":{"rendered":"http:\/\/polishscience.pl\/?p=105773"},"modified":"2019-12-09T14:37:40","modified_gmt":"2019-12-09T13:37:40","slug":"le-seminaire-intitule-la-ville-et-la-transformation-de-lenergie-a-luniversite-des-sciences-et-technologies","status":"publish","type":"post","link":"https:\/\/www.polishscience.pl\/fr\/le-seminaire-intitule-la-ville-et-la-transformation-de-lenergie-a-luniversite-des-sciences-et-technologies\/","title":{"rendered":"Le s\u00e9minaire intitul\u00e9 \u00ab\u00a0La ville et la transformation de l&rsquo;\u00e9nergie\u00a0\u00bb \u00e0 l&rsquo;Universit\u00e9 des sciences et technologies"},"content":{"rendered":"<p><strong>Le 12 d\u00e9cembre 2019, l&rsquo;Universit\u00e9 des Sciences et Technologies (AGH) \u00e0 Cracovie accueillera un s\u00e9minaire intitul\u00e9 \u00ab\u00a0La ville et la transformation de l&rsquo;\u00e9nergie\u00a0\u00bb, qui vise \u00e0 se familiariser avec des exemples de bonnes pratiques d&rsquo;implication des villes polonaises dans la transformation \u00e9nerg\u00e9tique et \u00e0 d\u00e9velopper des recommandations pour des actions facilitant la diffusion des bonnes pratiques.<\/strong><\/p>\n<p>Comme l&rsquo;indique l&rsquo;AGH au cours de la premi\u00e8re partie du s\u00e9minaire, des repr\u00e9sentants de villes de diff\u00e9rentes tailles et sp\u00e9cificit\u00e9s pr\u00e9senteront leurs motivations et les moyens de s&rsquo;engager dans des initiatives \u00e9nerg\u00e9tiques locales. Ces m\u00e9thodes d&rsquo;action seront confront\u00e9es aux solutions adopt\u00e9es dans les villes su\u00e9doises.<\/p>\n<p>La deuxi\u00e8me partie de l&rsquo;\u00e9v\u00e9nement sera remplie d&rsquo;une discussion visant \u00e0 d\u00e9velopper un ensemble de recommandations pour les villes polonaises int\u00e9ress\u00e9es par une mise en \u0153uvre plus rapide de la transformation \u00e9nerg\u00e9tique.<\/p>\n<p>Le s\u00e9minaire est organis\u00e9 par les membres d&rsquo;un consortium r\u00e9alisant le projet \u00ab\u00a0D\u00e9veloppement de l&rsquo;\u00e9nergie distribu\u00e9e dans les clusters \u00e9nerg\u00e9tiques (KlastER)\u00a0\u00bb. \u2013 L\u2019Universit\u00e9 des Sciences et Technologies, le Minist\u00e8re de l\u2019Energie (actuellement minist\u00e8re des biens de l&rsquo;\u00c9tat &#8211; chef de file du consortium) et le Centre national de la recherche nucl\u00e9aire.<\/p>\n","protected":false},"excerpt":{"rendered":"<p>Le 12 d\u00e9cembre 2019, l&rsquo;Universit\u00e9 des Sciences et Technologies (AGH) \u00e0 Cracovie accueillera un s\u00e9minaire intitul\u00e9 \u00ab\u00a0La ville et la transformation de l&rsquo;\u00e9nergie\u00a0\u00bb, qui vise \u00e0 se familiariser avec des exemples de bonnes pratiques d&rsquo;implication des villes polonaises dans la transformation \u00e9nerg\u00e9tique et \u00e0 d\u00e9velopper des recommandations pour des actions facilitant la diffusion des bonnes [&hellip;]<\/p>\n","protected":false},"author":11,"featured_media":0,"comment_status":"closed","ping_status":"closed","sticky":false,"template":"","format":"standard","meta":[],"categories":[41],"tags":[],"_links":{"self":[{"href":"https:\/\/www.polishscience.pl\/fr\/wp-json\/wp\/v2\/posts\/105773"}],"collection":[{"href":"https:\/\/www.polishscience.pl\/fr\/wp-json\/wp\/v2\/posts"}],"about":[{"href":"https:\/\/www.polishscience.pl\/fr\/wp-json\/wp\/v2\/types\/post"}],"author":[{"embeddable":true,"href":"https:\/\/www.polishscience.pl\/fr\/wp-json\/wp\/v2\/users\/11"}],"replies":[{"embeddable":true,"href":"https:\/\/www.polishscience.pl\/fr\/wp-json\/wp\/v2\/comments?post=105773"}],"version-history":[{"count":0,"href":"https:\/\/www.polishscience.pl\/fr\/wp-json\/wp\/v2\/posts\/105773\/revisions"}],"wp:attachment":[{"href":"https:\/\/www.polishscience.pl\/fr\/wp-json\/wp\/v2\/media?parent=105773"}],"wp:term":[{"taxonomy":"category","embeddable":true,"href":"https:\/\/www.polishscience.pl\/fr\/wp-json\/wp\/v2\/categories?post=105773"},{"taxonomy":"post_tag","embeddable":true,"href":"https:\/\/www.polishscience.pl\/fr\/wp-json\/wp\/v2\/tags?post=105773"}],"curies":[{"name":"wp","href":"https:\/\/api.w.org\/{rel}","templated":true}]}}