{"id":105769,"date":"2019-12-09T14:02:00","date_gmt":"2019-12-09T13:02:00","guid":{"rendered":"http:\/\/polishscience.pl\/?p=105769"},"modified":"2019-12-09T14:37:24","modified_gmt":"2019-12-09T13:37:24","slug":"le-vice-recteur-de-luniversite-jagellonne-a-rencontre-le-commissaire-europeen-a-linnovation-et-a-la-jeunesse","status":"publish","type":"post","link":"https:\/\/www.polishscience.pl\/fr\/le-vice-recteur-de-luniversite-jagellonne-a-rencontre-le-commissaire-europeen-a-linnovation-et-a-la-jeunesse\/","title":{"rendered":"Le vice-recteur de l&rsquo;Universit\u00e9 Jagellonne a rencontr\u00e9 le Commissaire europ\u00e9en \u00e0 l&rsquo;innovation et \u00e0 la jeunesse"},"content":{"rendered":"<p><strong>Le professeur Stanis\u0142aw Kistryn, vice-recteur \u00e0 la recherche et aux fonds structurels \u00e0 l&rsquo;Universit\u00e9 Jagellonne a rencontr\u00e9 la commissaire Maria Gabriel \u00e0 Bruxelles et a particip\u00e9 \u00e0 un d\u00e9bat sur \u00ab\u00a0Une nouvelle vision du secteur europ\u00e9en de l&rsquo;enseignement sup\u00e9rieur\u00a0\u00bb.<\/strong><\/p>\n<p>Marija Gabriel, membre de la Commission europ\u00e9enne, est commissaire \u00e0 l&rsquo;innovation et \u00e0 la jeunesse depuis le 1er d\u00e9cembre et est responsable du secteur de la recherche et de l&rsquo;enseignement sup\u00e9rieur. Le professeur Kistryn, vice-recteur de l&rsquo;Universit\u00e9 Jagellonne, est \u00e9galement co-fondateur de The Guild of European Research &#8211; Intensive Universities et repr\u00e9sentant de UNA Europa, une association des universit\u00e9s europ\u00e9ennes.<\/p>\n<p>Au cours de la rencontre, des questions importantes concernant les initiatives des universit\u00e9s europ\u00e9ennes, la diff\u00e9rence de participation entre l&rsquo;UE-15 et l&rsquo;UE-13 aux programmes Horizon 2020 et les perspectives de r\u00e9duction de ces disproportions dans Horizon Europe ont \u00e9t\u00e9 discut\u00e9es &#8211; informe l&rsquo;Universit\u00e9 Jagellone.<\/p>\n<p>La discussion a \u00e9galement port\u00e9 sur le financement de la recherche scientifique par des fonds europ\u00e9ens et nationaux et sur les initiatives soutenant la coop\u00e9ration internationale avec les pays tiers.<\/p>\n","protected":false},"excerpt":{"rendered":"<p>Le professeur Stanis\u0142aw Kistryn, vice-recteur \u00e0 la recherche et aux fonds structurels \u00e0 l&rsquo;Universit\u00e9 Jagellonne a rencontr\u00e9 la commissaire Maria Gabriel \u00e0 Bruxelles et a particip\u00e9 \u00e0 un d\u00e9bat sur \u00ab\u00a0Une nouvelle vision du secteur europ\u00e9en de l&rsquo;enseignement sup\u00e9rieur\u00a0\u00bb. Marija Gabriel, membre de la Commission europ\u00e9enne, est commissaire \u00e0 l&rsquo;innovation et \u00e0 la jeunesse depuis [&hellip;]<\/p>\n","protected":false},"author":11,"featured_media":0,"comment_status":"closed","ping_status":"closed","sticky":false,"template":"","format":"standard","meta":[],"categories":[35],"tags":[],"_links":{"self":[{"href":"https:\/\/www.polishscience.pl\/fr\/wp-json\/wp\/v2\/posts\/105769"}],"collection":[{"href":"https:\/\/www.polishscience.pl\/fr\/wp-json\/wp\/v2\/posts"}],"about":[{"href":"https:\/\/www.polishscience.pl\/fr\/wp-json\/wp\/v2\/types\/post"}],"author":[{"embeddable":true,"href":"https:\/\/www.polishscience.pl\/fr\/wp-json\/wp\/v2\/users\/11"}],"replies":[{"embeddable":true,"href":"https:\/\/www.polishscience.pl\/fr\/wp-json\/wp\/v2\/comments?post=105769"}],"version-history":[{"count":0,"href":"https:\/\/www.polishscience.pl\/fr\/wp-json\/wp\/v2\/posts\/105769\/revisions"}],"wp:attachment":[{"href":"https:\/\/www.polishscience.pl\/fr\/wp-json\/wp\/v2\/media?parent=105769"}],"wp:term":[{"taxonomy":"category","embeddable":true,"href":"https:\/\/www.polishscience.pl\/fr\/wp-json\/wp\/v2\/categories?post=105769"},{"taxonomy":"post_tag","embeddable":true,"href":"https:\/\/www.polishscience.pl\/fr\/wp-json\/wp\/v2\/tags?post=105769"}],"curies":[{"name":"wp","href":"https:\/\/api.w.org\/{rel}","templated":true}]}}