{"id":105767,"date":"2019-12-09T14:37:17","date_gmt":"2019-12-09T13:37:17","guid":{"rendered":"http:\/\/polishscience.pl\/?p=105767"},"modified":"2019-12-09T14:37:17","modified_gmt":"2019-12-09T13:37:17","slug":"le-vice-premier-ministre-gowin-a-nomme-les-membres-du-comite-polonais-daccreditation","status":"publish","type":"post","link":"https:\/\/www.polishscience.pl\/fr\/le-vice-premier-ministre-gowin-a-nomme-les-membres-du-comite-polonais-daccreditation\/","title":{"rendered":"Le vice-premier ministre Gowin a nomm\u00e9 les membres du comit\u00e9 polonais d&rsquo;accr\u00e9ditation"},"content":{"rendered":"<p><strong>Le 1er janvier 2020 d\u00e9butera le prochain mandat de quatre ans du Comit\u00e9 d&rsquo;accr\u00e9ditation polonais (PKA), une institution charg\u00e9e de garantir et d&rsquo;am\u00e9liorer la qualit\u00e9 de l&rsquo;enseignement. Jaros\u0142aw Gowin, vice-premier ministre et ministre des sciences et de l&rsquo;enseignement sup\u00e9rieur, a pr\u00e9sent\u00e9 les nominations aux membres du PKA.<\/strong><\/p>\n<p>Les objectifs fondamentaux des activit\u00e9s de la Commission sont d&rsquo;assurer le respect des normes de qualit\u00e9 adopt\u00e9es pour l&rsquo;enseignement sup\u00e9rieur, en se r\u00e9f\u00e9rant aux meilleures pratiques dans l&rsquo;espace \u00e9ducatif europ\u00e9en et mondial, et de soutenir les universit\u00e9s publiques et non publiques dans le processus d&rsquo;am\u00e9lioration de la qualit\u00e9 de l&rsquo;enseignement et de construction d&rsquo;une culture de la qualit\u00e9 \u2013 \u00e0 lire le communiqu\u00e9 du minist\u00e8re des Sciences et de l&rsquo;enseignement sup\u00e9rieur.<\/p>\n<p>Les d\u00e9cisions prises par le PKA, qui affectent de mani\u00e8re significative le fonctionnement de chaque universit\u00e9 en Pologne, fa\u00e7onnent dans une large mesure \u00e9galement le fonctionnement de l&rsquo;ensemble du syst\u00e8me d&rsquo;enseignement sup\u00e9rieur. Je voudrais que les nouveaux membres du PKA s&rsquo;en souviennent tout le temps dans l&rsquo;exercice de leurs fonctions &#8211; a soulign\u00e9 le vice-premier ministre Jaros\u0142aw Gowin.<\/p>\n<p>La composition de l&rsquo;APC :<br \/>\n<a href=\"https:\/\/www.gov.pl\/web\/nauka\/komunikat-w-sprawie-powolania-czlonkow-polskiej-komisji-akredytacyjnej-na-kadencje-2020-2023\">https:\/\/www.gov.pl\/web\/nauka\/komunikat-w-sprawie-powolania-czlonkow-polskiej-komisji-akredytacyjnej-na-kadencje-2020-2023<\/a><\/p>\n","protected":false},"excerpt":{"rendered":"<p>Le 1er janvier 2020 d\u00e9butera le prochain mandat de quatre ans du Comit\u00e9 d&rsquo;accr\u00e9ditation polonais (PKA), une institution charg\u00e9e de garantir et d&rsquo;am\u00e9liorer la qualit\u00e9 de l&rsquo;enseignement. Jaros\u0142aw Gowin, vice-premier ministre et ministre des sciences et de l&rsquo;enseignement sup\u00e9rieur, a pr\u00e9sent\u00e9 les nominations aux membres du PKA. Les objectifs fondamentaux des activit\u00e9s de la Commission [&hellip;]<\/p>\n","protected":false},"author":11,"featured_media":0,"comment_status":"closed","ping_status":"closed","sticky":false,"template":"","format":"standard","meta":[],"categories":[35],"tags":[],"_links":{"self":[{"href":"https:\/\/www.polishscience.pl\/fr\/wp-json\/wp\/v2\/posts\/105767"}],"collection":[{"href":"https:\/\/www.polishscience.pl\/fr\/wp-json\/wp\/v2\/posts"}],"about":[{"href":"https:\/\/www.polishscience.pl\/fr\/wp-json\/wp\/v2\/types\/post"}],"author":[{"embeddable":true,"href":"https:\/\/www.polishscience.pl\/fr\/wp-json\/wp\/v2\/users\/11"}],"replies":[{"embeddable":true,"href":"https:\/\/www.polishscience.pl\/fr\/wp-json\/wp\/v2\/comments?post=105767"}],"version-history":[{"count":0,"href":"https:\/\/www.polishscience.pl\/fr\/wp-json\/wp\/v2\/posts\/105767\/revisions"}],"wp:attachment":[{"href":"https:\/\/www.polishscience.pl\/fr\/wp-json\/wp\/v2\/media?parent=105767"}],"wp:term":[{"taxonomy":"category","embeddable":true,"href":"https:\/\/www.polishscience.pl\/fr\/wp-json\/wp\/v2\/categories?post=105767"},{"taxonomy":"post_tag","embeddable":true,"href":"https:\/\/www.polishscience.pl\/fr\/wp-json\/wp\/v2\/tags?post=105767"}],"curies":[{"name":"wp","href":"https:\/\/api.w.org\/{rel}","templated":true}]}}