{"id":105533,"date":"2019-12-06T13:25:12","date_gmt":"2019-12-06T12:25:12","guid":{"rendered":"http:\/\/polishscience.pl\/?p=105533"},"modified":"2019-12-06T13:25:12","modified_gmt":"2019-12-06T12:25:12","slug":"la-journee-peruvienne-a-luniversite-catholique-de-lublin","status":"publish","type":"post","link":"https:\/\/www.polishscience.pl\/fr\/la-journee-peruvienne-a-luniversite-catholique-de-lublin\/","title":{"rendered":"La Journ\u00e9e p\u00e9ruvienne \u00e0 l&rsquo;Universit\u00e9 catholique de Lublin"},"content":{"rendered":"<p><strong>Le D\u00e9partement du Monde Espagnol, des relations internationales et de la politique de l&rsquo;Universit\u00e9 catholique de Lublin (KUL), le Cercle espagnol et polonais de l&rsquo;Universit\u00e9 catholique de Lublin, le Consul honoraire du P\u00e9rou \u00e0 Lublin et le Lyc\u00e9e m\u00e9diterran\u00e9en de Lublin vous invitent \u00e0 la \u00ab\u00a0Journ\u00e9e du P\u00e9rou\u00a0\u00bb, qui aura lieu le 12 d\u00e9cembre 2019 au Centre de transfert des connaissances \u00e0 Lublin.<\/strong><\/p>\n<p>L&rsquo;\u00e9v\u00e9nement d\u00e9butera par un discours d&rsquo;Alberto Salas Barahon, ambassadeur du P\u00e9rou en Pologne. Ensuite, il y aura des conf\u00e9rences sur le P\u00e9rou, les relations polono-p\u00e9ruviennes et la langue espagnole.<\/p>\n<p>Les \u00e9tudiants en \u00e9tudes hispaniques \u00e0 l&rsquo;Universit\u00e9 Catholique de Lublin parleront de l&rsquo;espagnol en Am\u00e9rique et pr\u00e9senteront \u00ab\u00a0ABC P\u00e9ruvien\u00a0\u00bb. Le Dr Maciej Karkut de la cath\u00e9drale du Monde Espagnol partagera ses \u00ab\u00a0souvenirs de l&rsquo;exp\u00e9dition transatlantique\u00a0\u00bb. Le P\u00e8re Walter Corsini donnera une conf\u00e9rence intitul\u00e9e \u00ab\u00a0Le missionnaire d&rsquo;Europe parmi les Indiens du P\u00e9rou\u00a0\u00bb.<\/p>\n<p>L&rsquo;\u00e9v\u00e9nement se terminera par un concours p\u00e9ruvien de connaissances pour les \u00e9l\u00e8ves du secondaire.<\/p>\n","protected":false},"excerpt":{"rendered":"<p>Le D\u00e9partement du Monde Espagnol, des relations internationales et de la politique de l&rsquo;Universit\u00e9 catholique de Lublin (KUL), le Cercle espagnol et polonais de l&rsquo;Universit\u00e9 catholique de Lublin, le Consul honoraire du P\u00e9rou \u00e0 Lublin et le Lyc\u00e9e m\u00e9diterran\u00e9en de Lublin vous invitent \u00e0 la \u00ab\u00a0Journ\u00e9e du P\u00e9rou\u00a0\u00bb, qui aura lieu le 12 d\u00e9cembre 2019 [&hellip;]<\/p>\n","protected":false},"author":11,"featured_media":0,"comment_status":"closed","ping_status":"closed","sticky":false,"template":"","format":"standard","meta":[],"categories":[41],"tags":[],"_links":{"self":[{"href":"https:\/\/www.polishscience.pl\/fr\/wp-json\/wp\/v2\/posts\/105533"}],"collection":[{"href":"https:\/\/www.polishscience.pl\/fr\/wp-json\/wp\/v2\/posts"}],"about":[{"href":"https:\/\/www.polishscience.pl\/fr\/wp-json\/wp\/v2\/types\/post"}],"author":[{"embeddable":true,"href":"https:\/\/www.polishscience.pl\/fr\/wp-json\/wp\/v2\/users\/11"}],"replies":[{"embeddable":true,"href":"https:\/\/www.polishscience.pl\/fr\/wp-json\/wp\/v2\/comments?post=105533"}],"version-history":[{"count":0,"href":"https:\/\/www.polishscience.pl\/fr\/wp-json\/wp\/v2\/posts\/105533\/revisions"}],"wp:attachment":[{"href":"https:\/\/www.polishscience.pl\/fr\/wp-json\/wp\/v2\/media?parent=105533"}],"wp:term":[{"taxonomy":"category","embeddable":true,"href":"https:\/\/www.polishscience.pl\/fr\/wp-json\/wp\/v2\/categories?post=105533"},{"taxonomy":"post_tag","embeddable":true,"href":"https:\/\/www.polishscience.pl\/fr\/wp-json\/wp\/v2\/tags?post=105533"}],"curies":[{"name":"wp","href":"https:\/\/api.w.org\/{rel}","templated":true}]}}