{"id":104876,"date":"2019-12-03T16:22:38","date_gmt":"2019-12-03T15:22:38","guid":{"rendered":"http:\/\/polishscience.pl\/?p=104876"},"modified":"2019-12-03T16:22:38","modified_gmt":"2019-12-03T15:22:38","slug":"la-conference-sur-les-strategies-narratives-en-culture-a-luniversite-de-wroclaw","status":"publish","type":"post","link":"https:\/\/www.polishscience.pl\/fr\/la-conference-sur-les-strategies-narratives-en-culture-a-luniversite-de-wroclaw\/","title":{"rendered":"La conf\u00e9rence sur les strat\u00e9gies narratives en culture \u00e0 l&rsquo;Universit\u00e9 de Wroc\u0142aw"},"content":{"rendered":"<p><strong>Le Centre de recherche interdisciplinaire sur les relations entre la culture orale et \u00e9crite de l&rsquo;Universit\u00e9 de Wroc\u0142aw invite \u00e0 une conf\u00e9rence scientifique interdisciplinaire internationale intitul\u00e9 \u00ab\u00a0Les changements dans les strat\u00e9gies narratives dans le contexte de la sp\u00e9cificit\u00e9 de la tradition orale et \u00e9crite\u00a0\u00bb du 4 au 6 d\u00e9cembre.<\/strong><\/p>\n<p>La conf\u00e9rence sera consacr\u00e9e \u00e0 des r\u00e9flexions interdisciplinaires sur les strat\u00e9gies narratives dans la culture orale et \u00e9crite. D&rsquo;\u00e9minents chercheurs du monde entier assisteront \u00e0 l&rsquo;\u00e9v\u00e9nement.<\/p>\n<p>Particuli\u00e8rement int\u00e9ressantes pour les chercheurs sont les questions des relations entre les deux cultures, par exemple dans la phase liminale, qui peuvent \u00eatre observ\u00e9es dans la litt\u00e9rature ancienne et m\u00e9di\u00e9vale. La fa\u00e7on dont la narration est men\u00e9e et les significations associ\u00e9es nous encouragent \u00e0 consid\u00e9rer l&rsquo;interaction entre le public et l&rsquo;auteur du message \u00ab\u00a0, peut-on lire dans l&rsquo;invitation sur le site Web de l&rsquo;universit\u00e9.<\/p>\n","protected":false},"excerpt":{"rendered":"<p>Le Centre de recherche interdisciplinaire sur les relations entre la culture orale et \u00e9crite de l&rsquo;Universit\u00e9 de Wroc\u0142aw invite \u00e0 une conf\u00e9rence scientifique interdisciplinaire internationale intitul\u00e9 \u00ab\u00a0Les changements dans les strat\u00e9gies narratives dans le contexte de la sp\u00e9cificit\u00e9 de la tradition orale et \u00e9crite\u00a0\u00bb du 4 au 6 d\u00e9cembre. La conf\u00e9rence sera consacr\u00e9e \u00e0 des [&hellip;]<\/p>\n","protected":false},"author":11,"featured_media":0,"comment_status":"closed","ping_status":"closed","sticky":false,"template":"","format":"standard","meta":[],"categories":[41,37],"tags":[],"_links":{"self":[{"href":"https:\/\/www.polishscience.pl\/fr\/wp-json\/wp\/v2\/posts\/104876"}],"collection":[{"href":"https:\/\/www.polishscience.pl\/fr\/wp-json\/wp\/v2\/posts"}],"about":[{"href":"https:\/\/www.polishscience.pl\/fr\/wp-json\/wp\/v2\/types\/post"}],"author":[{"embeddable":true,"href":"https:\/\/www.polishscience.pl\/fr\/wp-json\/wp\/v2\/users\/11"}],"replies":[{"embeddable":true,"href":"https:\/\/www.polishscience.pl\/fr\/wp-json\/wp\/v2\/comments?post=104876"}],"version-history":[{"count":0,"href":"https:\/\/www.polishscience.pl\/fr\/wp-json\/wp\/v2\/posts\/104876\/revisions"}],"wp:attachment":[{"href":"https:\/\/www.polishscience.pl\/fr\/wp-json\/wp\/v2\/media?parent=104876"}],"wp:term":[{"taxonomy":"category","embeddable":true,"href":"https:\/\/www.polishscience.pl\/fr\/wp-json\/wp\/v2\/categories?post=104876"},{"taxonomy":"post_tag","embeddable":true,"href":"https:\/\/www.polishscience.pl\/fr\/wp-json\/wp\/v2\/tags?post=104876"}],"curies":[{"name":"wp","href":"https:\/\/api.w.org\/{rel}","templated":true}]}}