{"id":104872,"date":"2019-12-03T14:12:45","date_gmt":"2019-12-03T13:12:45","guid":{"rendered":"http:\/\/polishscience.pl\/?p=104872"},"modified":"2019-12-03T14:12:45","modified_gmt":"2019-12-03T13:12:45","slug":"la-conference-scientifique-consacree-a-leducation-religieuse","status":"publish","type":"post","link":"https:\/\/www.polishscience.pl\/fr\/la-conference-scientifique-consacree-a-leducation-religieuse\/","title":{"rendered":"La conf\u00e9rence scientifique consacr\u00e9e \u00e0 l&rsquo;\u00e9ducation religieuse"},"content":{"rendered":"<p><strong>L&rsquo;Institut d&rsquo;histoire des sciences de l&rsquo;Acad\u00e9mie polonaise des sciences (PAN) organise le 6 d\u00e9cembre \u00e0 Varsovie une conf\u00e9rence intitul\u00e9e \u00ab\u00a0L&rsquo;\u00e9ducation religieuse et son impact sur la vie sociale et culturelle du pays et de la r\u00e9gion au XXe si\u00e8cle\u00a0\u00bb.<\/strong><\/p>\n<p>Le but de la conf\u00e9rence est d&rsquo;attirer l&rsquo;attention sur l&rsquo;histoire et la contribution de l&rsquo;enseignement confessionnel des diff\u00e9rentes religions \u00e0 l&rsquo;\u00e9ducation et \u00e0 la vie socioculturelle de certains pays et r\u00e9gions au XXe si\u00e8cle.<\/p>\n<p>Les organisateurs de la conf\u00e9rence s&rsquo;int\u00e9resseront \u00e0 l&rsquo;approche macro- et micro-\u00e9chelle du probl\u00e8me : les esquisses g\u00e9n\u00e9rales, l\u2019histoire d&rsquo;\u00e9tablissements d&rsquo;enseignement et d&rsquo;\u00e9coles s\u00e9lectionn\u00e9s, les caract\u00e9ristiques des environnements \u00e9ducatifs, la gestion et le personnel enseignant, les programmes et l\u2019\u00e9ducation, la description des organisations soutenant le fonctionnement des institutions d&rsquo;\u00e9ducation religieuse des \u00e9glises et des associations religieuses individuelles.<\/p>\n<p>Comme l&rsquo;Acad\u00e9mie polonaise des sciences l&rsquo;informe, l&rsquo;effet final du projet sera une publication scientifique sous la forme d&rsquo;un ouvrage collectif.<\/p>\n","protected":false},"excerpt":{"rendered":"<p>L&rsquo;Institut d&rsquo;histoire des sciences de l&rsquo;Acad\u00e9mie polonaise des sciences (PAN) organise le 6 d\u00e9cembre \u00e0 Varsovie une conf\u00e9rence intitul\u00e9e \u00ab\u00a0L&rsquo;\u00e9ducation religieuse et son impact sur la vie sociale et culturelle du pays et de la r\u00e9gion au XXe si\u00e8cle\u00a0\u00bb. Le but de la conf\u00e9rence est d&rsquo;attirer l&rsquo;attention sur l&rsquo;histoire et la contribution de l&rsquo;enseignement confessionnel [&hellip;]<\/p>\n","protected":false},"author":11,"featured_media":0,"comment_status":"closed","ping_status":"closed","sticky":false,"template":"","format":"standard","meta":[],"categories":[41,37],"tags":[],"_links":{"self":[{"href":"https:\/\/www.polishscience.pl\/fr\/wp-json\/wp\/v2\/posts\/104872"}],"collection":[{"href":"https:\/\/www.polishscience.pl\/fr\/wp-json\/wp\/v2\/posts"}],"about":[{"href":"https:\/\/www.polishscience.pl\/fr\/wp-json\/wp\/v2\/types\/post"}],"author":[{"embeddable":true,"href":"https:\/\/www.polishscience.pl\/fr\/wp-json\/wp\/v2\/users\/11"}],"replies":[{"embeddable":true,"href":"https:\/\/www.polishscience.pl\/fr\/wp-json\/wp\/v2\/comments?post=104872"}],"version-history":[{"count":0,"href":"https:\/\/www.polishscience.pl\/fr\/wp-json\/wp\/v2\/posts\/104872\/revisions"}],"wp:attachment":[{"href":"https:\/\/www.polishscience.pl\/fr\/wp-json\/wp\/v2\/media?parent=104872"}],"wp:term":[{"taxonomy":"category","embeddable":true,"href":"https:\/\/www.polishscience.pl\/fr\/wp-json\/wp\/v2\/categories?post=104872"},{"taxonomy":"post_tag","embeddable":true,"href":"https:\/\/www.polishscience.pl\/fr\/wp-json\/wp\/v2\/tags?post=104872"}],"curies":[{"name":"wp","href":"https:\/\/api.w.org\/{rel}","templated":true}]}}