{"id":104587,"date":"2019-12-02T15:19:49","date_gmt":"2019-12-02T14:19:49","guid":{"rendered":"http:\/\/polishscience.pl\/?p=104587"},"modified":"2019-12-02T15:19:49","modified_gmt":"2019-12-02T14:19:49","slug":"la-conference-scientifique-intitulee-albert-einstein-et-la-structure-de-lunivers","status":"publish","type":"post","link":"https:\/\/www.polishscience.pl\/fr\/la-conference-scientifique-intitulee-albert-einstein-et-la-structure-de-lunivers\/","title":{"rendered":"La conf\u00e9rence scientifique intitul\u00e9e \u00ab\u00a0Albert Einstein et la structure de l&rsquo;univers\u00a0\u00bb"},"content":{"rendered":"<p><strong>Le D\u00e9partement de philosophie de la nature de l&rsquo;Universit\u00e9 pontificale Jean-Paul II (UPJPII) de Cracovie organise une conf\u00e9rence scientifique intitul\u00e9e \u00ab\u00a0Albert Einstein et la structure de l&rsquo;univers\u00a0\u00bb les 4-5 d\u00e9cembre 2019.<\/strong><\/p>\n<p>L&rsquo;intention des organisateurs est de cr\u00e9er une occasion de rencontrer des \u00e9tudiants, des dipl\u00f4m\u00e9s et des doctorants des facult\u00e9s de philosophie et de sciences, dont les recherches se concentrent sur les pens\u00e9es d&rsquo;Albert Einstein et la structure largement comprise de l&rsquo;univers environnant.<\/p>\n<p>Comme le souligne le communiqu\u00e9 de l&rsquo;UPJPII, les organisateurs souhaitent donner la possibilit\u00e9 aux participants de pr\u00e9senter leurs recherches en cours dans le cadre de m\u00e9moires de ma\u00eetrise, de licence ou de doctorat dans le domaine de la philosophie de la nature et des sciences naturelles.<\/p>\n<p>La conf\u00e9rence aura lieu dans le hall de la Facult\u00e9 de Philosophie de l&rsquo;Universit\u00e9 Pontificale Jean-Paul II au 3 rue Bernardy\u0144ska \u00e0 Cracovie.<\/p>\n","protected":false},"excerpt":{"rendered":"<p>Le D\u00e9partement de philosophie de la nature de l&rsquo;Universit\u00e9 pontificale Jean-Paul II (UPJPII) de Cracovie organise une conf\u00e9rence scientifique intitul\u00e9e \u00ab\u00a0Albert Einstein et la structure de l&rsquo;univers\u00a0\u00bb les 4-5 d\u00e9cembre 2019. L&rsquo;intention des organisateurs est de cr\u00e9er une occasion de rencontrer des \u00e9tudiants, des dipl\u00f4m\u00e9s et des doctorants des facult\u00e9s de philosophie et de sciences, [&hellip;]<\/p>\n","protected":false},"author":11,"featured_media":0,"comment_status":"closed","ping_status":"closed","sticky":false,"template":"","format":"standard","meta":[],"categories":[41],"tags":[],"_links":{"self":[{"href":"https:\/\/www.polishscience.pl\/fr\/wp-json\/wp\/v2\/posts\/104587"}],"collection":[{"href":"https:\/\/www.polishscience.pl\/fr\/wp-json\/wp\/v2\/posts"}],"about":[{"href":"https:\/\/www.polishscience.pl\/fr\/wp-json\/wp\/v2\/types\/post"}],"author":[{"embeddable":true,"href":"https:\/\/www.polishscience.pl\/fr\/wp-json\/wp\/v2\/users\/11"}],"replies":[{"embeddable":true,"href":"https:\/\/www.polishscience.pl\/fr\/wp-json\/wp\/v2\/comments?post=104587"}],"version-history":[{"count":0,"href":"https:\/\/www.polishscience.pl\/fr\/wp-json\/wp\/v2\/posts\/104587\/revisions"}],"wp:attachment":[{"href":"https:\/\/www.polishscience.pl\/fr\/wp-json\/wp\/v2\/media?parent=104587"}],"wp:term":[{"taxonomy":"category","embeddable":true,"href":"https:\/\/www.polishscience.pl\/fr\/wp-json\/wp\/v2\/categories?post=104587"},{"taxonomy":"post_tag","embeddable":true,"href":"https:\/\/www.polishscience.pl\/fr\/wp-json\/wp\/v2\/tags?post=104587"}],"curies":[{"name":"wp","href":"https:\/\/api.w.org\/{rel}","templated":true}]}}