{"id":104393,"date":"2019-11-29T16:15:01","date_gmt":"2019-11-29T15:15:01","guid":{"rendered":"http:\/\/polishscience.pl\/?p=104393"},"modified":"2019-11-29T16:15:01","modified_gmt":"2019-11-29T15:15:01","slug":"le-symbole-de-la-synergie-des-sciences-et-de-leconomie-pour-la-faculte-des-sciences-et-de-la-technologie-de-luniversite-de-silesie","status":"publish","type":"post","link":"https:\/\/www.polishscience.pl\/fr\/le-symbole-de-la-synergie-des-sciences-et-de-leconomie-pour-la-faculte-des-sciences-et-de-la-technologie-de-luniversite-de-silesie\/","title":{"rendered":"Le symbole de la synergie des sciences et de l&rsquo;\u00e9conomie pour la Facult\u00e9 des sciences et de la technologie de l&rsquo;Universit\u00e9 de Sil\u00e9sie"},"content":{"rendered":"<p><strong>La Facult\u00e9 des sciences et de la technologie de l&rsquo;Universit\u00e9 de Sil\u00e9sie a re\u00e7u le symbole 2019 dans la cat\u00e9gorie de la synergie de la science et des affaires. La distinction a \u00e9t\u00e9 d\u00e9cern\u00e9e dans le programme de promotion de la r\u00e9daction de \u00ab\u00a0Monitor Rynkowy\u00a0\u00bb distribu\u00e9 avec \u00ab\u00a0Dziennik Gazeta Prawna\u00a0\u00bb et \u00ab\u00a0Monitor Biznesu\u00a0\u00bb distribu\u00e9 avec \u00ab\u00a0Rzeczpospolita\u00a0\u00bb.<\/strong><\/p>\n<p>Les symboles sont d\u00e9cern\u00e9s \u00e0 des entreprises et des institutions qui se distinguent par la plus haute qualit\u00e9 de leur gestion et des initiatives prises. Le programme sert \u00e0 renforcer l&rsquo;image positive des entit\u00e9s r\u00e9compens\u00e9es et donne l&rsquo;occasion d&rsquo;\u00e9tablir de nouveaux contacts commerciaux.<\/p>\n<p>Le jury du prix a appr\u00e9ci\u00e9 l&rsquo;implication des scientifiques universitaires dans la r\u00e9alisation de projets importants non seulement pour la cognition scientifique, mais aussi pour traiter d&rsquo;importantes questions sociales et offrir des solutions innovantes pour le secteur priv\u00e9. L&rsquo;Universit\u00e9 est \u00e0 l&rsquo;\u00e9coute des besoins de la r\u00e9gion, offrant ses connaissances, ses \u00e9quipements, ses ressources d&rsquo;information, ses biblioth\u00e8ques et ses locaux, ainsi que ses r\u00e9alisations et ses d\u00e9couvertes \u2013 \u00e0 lire sur le site Web de l&rsquo;Universit\u00e9.<\/p>\n","protected":false},"excerpt":{"rendered":"<p>La Facult\u00e9 des sciences et de la technologie de l&rsquo;Universit\u00e9 de Sil\u00e9sie a re\u00e7u le symbole 2019 dans la cat\u00e9gorie de la synergie de la science et des affaires. La distinction a \u00e9t\u00e9 d\u00e9cern\u00e9e dans le programme de promotion de la r\u00e9daction de \u00ab\u00a0Monitor Rynkowy\u00a0\u00bb distribu\u00e9 avec \u00ab\u00a0Dziennik Gazeta Prawna\u00a0\u00bb et \u00ab\u00a0Monitor Biznesu\u00a0\u00bb distribu\u00e9 avec [&hellip;]<\/p>\n","protected":false},"author":11,"featured_media":0,"comment_status":"closed","ping_status":"closed","sticky":false,"template":"","format":"standard","meta":[],"categories":[40,35],"tags":[],"_links":{"self":[{"href":"https:\/\/www.polishscience.pl\/fr\/wp-json\/wp\/v2\/posts\/104393"}],"collection":[{"href":"https:\/\/www.polishscience.pl\/fr\/wp-json\/wp\/v2\/posts"}],"about":[{"href":"https:\/\/www.polishscience.pl\/fr\/wp-json\/wp\/v2\/types\/post"}],"author":[{"embeddable":true,"href":"https:\/\/www.polishscience.pl\/fr\/wp-json\/wp\/v2\/users\/11"}],"replies":[{"embeddable":true,"href":"https:\/\/www.polishscience.pl\/fr\/wp-json\/wp\/v2\/comments?post=104393"}],"version-history":[{"count":0,"href":"https:\/\/www.polishscience.pl\/fr\/wp-json\/wp\/v2\/posts\/104393\/revisions"}],"wp:attachment":[{"href":"https:\/\/www.polishscience.pl\/fr\/wp-json\/wp\/v2\/media?parent=104393"}],"wp:term":[{"taxonomy":"category","embeddable":true,"href":"https:\/\/www.polishscience.pl\/fr\/wp-json\/wp\/v2\/categories?post=104393"},{"taxonomy":"post_tag","embeddable":true,"href":"https:\/\/www.polishscience.pl\/fr\/wp-json\/wp\/v2\/tags?post=104393"}],"curies":[{"name":"wp","href":"https:\/\/api.w.org\/{rel}","templated":true}]}}