{"id":104385,"date":"2019-11-29T15:07:39","date_gmt":"2019-11-29T14:07:39","guid":{"rendered":"http:\/\/polishscience.pl\/?p=104385"},"modified":"2019-11-29T15:07:39","modified_gmt":"2019-11-29T14:07:39","slug":"le-forum-europeen-le-genie-biomedical-de-la-recherche-a-la-commercialisation-a-varsovie","status":"publish","type":"post","link":"https:\/\/www.polishscience.pl\/fr\/le-forum-europeen-le-genie-biomedical-de-la-recherche-a-la-commercialisation-a-varsovie\/","title":{"rendered":"Le Forum europ\u00e9en : Le g\u00e9nie biom\u00e9dical de la recherche \u00e0 la commercialisation \u00e0 Varsovie"},"content":{"rendered":"<p><strong>Du 2 au 4 d\u00e9cembre \u00e0 Varsovie se tiendra le \u00ab\u00a0Forum europ\u00e9en : Le g\u00e9nie biom\u00e9dical de la recherche \u00e0 la commercialisation \u00ab\u00a0. L&rsquo;h\u00f4te de l&rsquo;\u00e9v\u00e9nement sera l&rsquo;Institut de Biocybernetique et d&rsquo;Ing\u00e9nierie Biom\u00e9dicale de l&rsquo;Acad\u00e9mie Polonaise des Sciences (IBIB PAN).<\/strong><\/p>\n<p>Le Forum s&rsquo;adresse aux scientifiques et aux entrepreneurs du secteur des technologies m\u00e9dicales.<br \/>\nLes participants discuteront des r\u00e9sultats des derni\u00e8res recherches scientifiques, en particulier celles qui peuvent \u00eatre commercialis\u00e9es ou mises en \u0153uvre dans la pratique clinique &#8211; informe le IBIB PAN.<\/p>\n<p>Parmi les th\u00e8mes abord\u00e9s figurent \u00e9galement la coop\u00e9ration des centres de recherche avec les entreprises du secteur des technologies m\u00e9dicales et les bonnes pratiques en mati\u00e8re d&rsquo;obtention de projets et de subventions.<\/p>\n<p>La rencontre sera pr\u00e9sid\u00e9e par le Dr Ratko Magjarevi\u0107 de l&rsquo;Universit\u00e9 de Zagreb, pr\u00e9sident de la F\u00e9d\u00e9ration internationale de g\u00e9nie m\u00e9dical et biologique (IFMBE) et le Dr Piotr \u0141ady\u017cy\u0144ski, professeur au IBIB PAN, directeur du Centre international de biocybern\u00e9tique.<\/p>\n","protected":false},"excerpt":{"rendered":"<p>Du 2 au 4 d\u00e9cembre \u00e0 Varsovie se tiendra le \u00ab\u00a0Forum europ\u00e9en : Le g\u00e9nie biom\u00e9dical de la recherche \u00e0 la commercialisation \u00ab\u00a0. L&rsquo;h\u00f4te de l&rsquo;\u00e9v\u00e9nement sera l&rsquo;Institut de Biocybernetique et d&rsquo;Ing\u00e9nierie Biom\u00e9dicale de l&rsquo;Acad\u00e9mie Polonaise des Sciences (IBIB PAN). Le Forum s&rsquo;adresse aux scientifiques et aux entrepreneurs du secteur des technologies m\u00e9dicales. Les participants [&hellip;]<\/p>\n","protected":false},"author":11,"featured_media":0,"comment_status":"closed","ping_status":"closed","sticky":false,"template":"","format":"standard","meta":[],"categories":[41,39],"tags":[],"_links":{"self":[{"href":"https:\/\/www.polishscience.pl\/fr\/wp-json\/wp\/v2\/posts\/104385"}],"collection":[{"href":"https:\/\/www.polishscience.pl\/fr\/wp-json\/wp\/v2\/posts"}],"about":[{"href":"https:\/\/www.polishscience.pl\/fr\/wp-json\/wp\/v2\/types\/post"}],"author":[{"embeddable":true,"href":"https:\/\/www.polishscience.pl\/fr\/wp-json\/wp\/v2\/users\/11"}],"replies":[{"embeddable":true,"href":"https:\/\/www.polishscience.pl\/fr\/wp-json\/wp\/v2\/comments?post=104385"}],"version-history":[{"count":0,"href":"https:\/\/www.polishscience.pl\/fr\/wp-json\/wp\/v2\/posts\/104385\/revisions"}],"wp:attachment":[{"href":"https:\/\/www.polishscience.pl\/fr\/wp-json\/wp\/v2\/media?parent=104385"}],"wp:term":[{"taxonomy":"category","embeddable":true,"href":"https:\/\/www.polishscience.pl\/fr\/wp-json\/wp\/v2\/categories?post=104385"},{"taxonomy":"post_tag","embeddable":true,"href":"https:\/\/www.polishscience.pl\/fr\/wp-json\/wp\/v2\/tags?post=104385"}],"curies":[{"name":"wp","href":"https:\/\/api.w.org\/{rel}","templated":true}]}}